{"id":102805,"date":"2017-07-09T08:44:47","date_gmt":"2017-07-09T07:44:47","guid":{"rendered":"http:\/\/zakrasnejsivimperk.cz\/?p=102805"},"modified":"2017-07-09T08:55:04","modified_gmt":"2017-07-09T07:55:04","slug":"nebe-nad-hlavou-jak-bude-v-novem-tydnu-v-pondeli-zahrozi-silne-bourky-pote-se-ma-ochlazovat","status":"publish","type":"post","link":"https:\/\/zakrasnejsivimperk.cz\/?p=102805","title":{"rendered":"NEBE NAD HLAVOU: Po\u010das\u00ed v nov\u00e9m t\u00fddnu? V pond\u011bl\u00ed op\u011bt zahroz\u00ed siln\u00e9 bou\u0159ky, pot\u00e9 by se m\u011blo ochlazovat"},"content":{"rendered":"<p><img loading=\"lazy\" decoding=\"async\" class=\"aligncenter wp-image-102806 size-full\" src=\"http:\/\/zakrasnejsivimperk.cz\/wp-content\/uploads\/2017\/07\/09\/slune\u010dnice-alena.jpg\" alt=\"\" width=\"1259\" height=\"834\" srcset=\"https:\/\/zakrasnejsivimperk.cz\/wp-content\/uploads\/2017\/07\/09\/slune\u010dnice-alena.jpg 1259w, https:\/\/zakrasnejsivimperk.cz\/wp-content\/uploads\/2017\/07\/09\/slune\u010dnice-alena-300x199.jpg 300w, https:\/\/zakrasnejsivimperk.cz\/wp-content\/uploads\/2017\/07\/09\/slune\u010dnice-alena-768x509.jpg 768w, https:\/\/zakrasnejsivimperk.cz\/wp-content\/uploads\/2017\/07\/09\/slune\u010dnice-alena-1024x678.jpg 1024w, https:\/\/zakrasnejsivimperk.cz\/wp-content\/uploads\/2017\/07\/09\/slune\u010dnice-alena-100x65.jpg 100w, https:\/\/zakrasnejsivimperk.cz\/wp-content\/uploads\/2017\/07\/09\/slune\u010dnice-alena-539x357.jpg 539w, https:\/\/zakrasnejsivimperk.cz\/wp-content\/uploads\/2017\/07\/09\/slune\u010dnice-alena-729x483.jpg 729w\" sizes=\"(max-width: 1259px) 100vw, 1259px\" \/><\/p>\n<p style=\"text-align: center;\">Ilustra\u010dn\u00ed foto: Alena KO\u0160OV\u00c1<\/p>\n<h6>B\u011bhem pond\u011bln\u00edho dne o\u010dek\u00e1v\u00e1me m\u00edsty siln\u00e9 bou\u0159ky doprov\u00e1zen\u00e9 nebezpe\u010dn\u00fdmi meteorologick\u00fdmi jevy tj. krupobit\u00edm, p\u0159\u00edvalov\u00fdm de\u0161t\u011bm a siln\u00fdmi n\u00e1razy v\u011btru. Po p\u0159echodu studen\u00e9 fronty se ale bude postupn\u011b ochlazovat. Nejni\u017e\u0161\u00ed teploty v\u00a0p\u0159\u00ed\u0161t\u00edm t\u00fddnu z\u0159ejm\u011b nam\u011b\u0159\u00edme o v\u00edkendu.<\/h6>\n<p>V\u00a0pond\u011bl\u00ed bude obla\u010dno a\u017e zata\u017eeno s p\u0159eh\u00e1\u0148kami, de\u0161t\u011bm a bou\u0159kami. Nejvy\u0161\u0161\u00ed teploty 25 a\u017e 29 \u00b0C, na ji\u017en\u00ed Morav\u011b a\u017e 32 \u00b0C. Teplota v 1000 m na hor\u00e1ch kolem 21 \u00b0C. M\u00edrn\u00fd jihov\u00fdchodn\u00ed v\u00edtr.<\/p>\n<p>V \u00fater\u00fd bude polojasno a\u017e obla\u010dno, zpo\u010d\u00e1tku m\u00edsty p\u0159eh\u00e1\u0148ky. No\u010dn\u00ed teploty 18 a\u017e 14\u00b0C. Denn\u00ed teploty 22 a\u017e 26 \u00b0C, na jihov\u00fdchod\u011b a\u017e 28 \u00b0C. Slab\u00fd prom\u011bnliv\u00fd v\u00edtr.<\/p>\n<p>Ve st\u0159edu bude polojasno, postupn\u011b p\u0159ib\u00fdv\u00e1n\u00ed obla\u010dnosti m\u00edsty p\u0159eh\u00e1\u0148ky. No\u010dn\u00ed teploty 15 a\u017e 11 \u00b0C. Denn\u00ed teploty 21 a\u017e 25 \u00b0C, na v\u00fdchod\u011b 27 \u00b0C. Slab\u00fd z\u00e1padn\u00ed v\u00edtr.<\/p>\n<p>Ve \u010dtvrtek bude polojasno a\u017e obla\u010dno, ojedin\u011ble p\u0159eh\u00e1\u0148ky. No\u010dn\u00ed teploty 15 a\u017e 11 \u00b0C. Denn\u00ed teploty 21 a\u017e 25 \u00b0C. M\u00edrn\u00fd jihoz\u00e1padn\u00ed v\u00edtr.<\/p>\n<p>V p\u00e1tek bude obla\u010dno p\u0159eh\u00e1\u0148ky a bou\u0159ky. No\u010dn\u00ed teploty 16 a\u017e 12 \u00b0C. Denn\u00ed teploty 20 a\u017e 24 \u00b0C. M\u00edrn\u00fd severoz\u00e1padn\u00ed v\u00edtr.<\/p>\n<p>V sobotu bude zata\u017eeno a\u017e obla\u010dno, p\u0159eh\u00e1\u0148ky nebo d\u00e9\u0161\u0165. No\u010dn\u00ed teploty 14 a\u017e 10 \u00b0C. Denn\u00ed teploty 18 a\u017e 22 \u00b0C. \u010cerstv\u00fd severoz\u00e1padn\u00ed v\u00edtr.<\/p>\n<p>V ned\u011bli bude polojasno. No\u010dn\u00ed teploty 14 a\u017e 10 \u00b0C. Denn\u00ed teploty 21 a\u017e 25 \u00b0C. Slab\u00fd z\u00e1padn\u00ed v\u00edtr.<\/p>\n<p>&nbsp;<\/p>\n<p><a href=\"http:\/\/nebenadhlavou.cz\/\" target=\"_blank\" rel=\"noopener noreferrer\"><strong>NEBE NAD HLAVOU<\/strong><\/a><\/p>\n<p>&nbsp;<\/p>\n<p>&nbsp;<\/p>\n<p>&nbsp;<\/p>\n","protected":false},"excerpt":{"rendered":"<p>Ilustra\u010dn\u00ed foto: <\/p>\n","protected":false},"author":2,"featured_media":102806,"comment_status":"open","ping_status":"open","sticky":false,"template":"","format":"gallery","meta":{"footnotes":""},"categories":[31],"tags":[],"jetpack_featured_media_url":"https:\/\/zakrasnejsivimperk.cz\/wp-content\/uploads\/2017\/07\/09\/slune\u010dnice-alena.jpg","_links":{"self":[{"href":"https:\/\/zakrasnejsivimperk.cz\/index.php?rest_route=\/wp\/v2\/posts\/102805"}],"collection":[{"href":"https:\/\/zakrasnejsivimperk.cz\/index.php?rest_route=\/wp\/v2\/posts"}],"about":[{"href":"https:\/\/zakrasnejsivimperk.cz\/index.php?rest_route=\/wp\/v2\/types\/post"}],"author":[{"embeddable":true,"href":"https:\/\/zakrasnejsivimperk.cz\/index.php?rest_route=\/wp\/v2\/users\/2"}],"replies":[{"embeddable":true,"href":"https:\/\/zakrasnejsivimperk.cz\/index.php?rest_route=%2Fwp%2Fv2%2Fcomments&post=102805"}],"version-history":[{"count":6,"href":"https:\/\/zakrasnejsivimperk.cz\/index.php?rest_route=\/wp\/v2\/posts\/102805\/revisions"}],"predecessor-version":[{"id":102812,"href":"https:\/\/zakrasnejsivimperk.cz\/index.php?rest_route=\/wp\/v2\/posts\/102805\/revisions\/102812"}],"wp:featuredmedia":[{"embeddable":true,"href":"https:\/\/zakrasnejsivimperk.cz\/index.php?rest_route=\/wp\/v2\/media\/102806"}],"wp:attachment":[{"href":"https:\/\/zakrasnejsivimperk.cz\/index.php?rest_route=%2Fwp%2Fv2%2Fmedia&parent=102805"}],"wp:term":[{"taxonomy":"category","embeddable":true,"href":"https:\/\/zakrasnejsivimperk.cz\/index.php?rest_route=%2Fwp%2Fv2%2Fcategories&post=102805"},{"taxonomy":"post_tag","embeddable":true,"href":"https:\/\/zakrasnejsivimperk.cz\/index.php?rest_route=%2Fwp%2Fv2%2Ftags&post=102805"}],"curies":[{"name":"wp","href":"https:\/\/api.w.org\/{rel}","templated":true}]}}