{"id":102643,"date":"2017-07-06T11:57:22","date_gmt":"2017-07-06T10:57:22","guid":{"rendered":"http:\/\/zakrasnejsivimperk.cz\/?p=102643"},"modified":"2017-07-06T11:59:04","modified_gmt":"2017-07-06T10:59:04","slug":"nebe-nad-hlavou-behem-dnesniho-dne-se-mohou-ojedinele-tvorit-bourky-vice-jich-bude-v-patek","status":"publish","type":"post","link":"https:\/\/zakrasnejsivimperk.cz\/?p=102643","title":{"rendered":"NEBE NAD HLAVOU: B\u011bhem dne\u0161n\u00edho dne se mohou ojedin\u011ble tvo\u0159it bou\u0159ky, v\u00edce jich m\u016f\u017eeme \u010dekat v p\u00e1tek"},"content":{"rendered":"<p><img loading=\"lazy\" decoding=\"async\" class=\"aligncenter wp-image-102644 size-full\" src=\"http:\/\/zakrasnejsivimperk.cz\/wp-content\/uploads\/2017\/07\/06\/mapa-po\u010das\u00ed-060717.png\" alt=\"\" width=\"800\" height=\"600\" srcset=\"https:\/\/zakrasnejsivimperk.cz\/wp-content\/uploads\/2017\/07\/06\/mapa-po\u010das\u00ed-060717.png 800w, https:\/\/zakrasnejsivimperk.cz\/wp-content\/uploads\/2017\/07\/06\/mapa-po\u010das\u00ed-060717-300x225.png 300w, https:\/\/zakrasnejsivimperk.cz\/wp-content\/uploads\/2017\/07\/06\/mapa-po\u010das\u00ed-060717-768x576.png 768w, https:\/\/zakrasnejsivimperk.cz\/wp-content\/uploads\/2017\/07\/06\/mapa-po\u010das\u00ed-060717-476x357.png 476w, https:\/\/zakrasnejsivimperk.cz\/wp-content\/uploads\/2017\/07\/06\/mapa-po\u010das\u00ed-060717-644x483.png 644w\" sizes=\"(max-width: 800px) 100vw, 800px\" \/><\/p>\n<h6 style=\"text-align: center;\"><a id=\"js_4gc\" class=\"_hli\" href=\"https:\/\/www.facebook.com\/meteopress\/\" target=\"_blank\" rel=\"noopener noreferrer\" data-ft=\"{&quot;tn&quot;:&quot;k&quot;}\" data-hovercard=\"\/ajax\/hovercard\/page.php?id=272973163709\" data-hovercard-prefer-more-content-show=\"1\">Meteopress Online<\/a><\/h6>\n<p>&nbsp;<\/p>\n<p>&nbsp;<\/p>\n","protected":false},"excerpt":{"rendered":"<p>Meteopress Online <\/p>\n","protected":false},"author":2,"featured_media":102644,"comment_status":"open","ping_status":"open","sticky":false,"template":"","format":"gallery","meta":{"footnotes":""},"categories":[31],"tags":[],"jetpack_featured_media_url":"https:\/\/zakrasnejsivimperk.cz\/wp-content\/uploads\/2017\/07\/06\/mapa-po\u010das\u00ed-060717.png","_links":{"self":[{"href":"https:\/\/zakrasnejsivimperk.cz\/index.php?rest_route=\/wp\/v2\/posts\/102643"}],"collection":[{"href":"https:\/\/zakrasnejsivimperk.cz\/index.php?rest_route=\/wp\/v2\/posts"}],"about":[{"href":"https:\/\/zakrasnejsivimperk.cz\/index.php?rest_route=\/wp\/v2\/types\/post"}],"author":[{"embeddable":true,"href":"https:\/\/zakrasnejsivimperk.cz\/index.php?rest_route=\/wp\/v2\/users\/2"}],"replies":[{"embeddable":true,"href":"https:\/\/zakrasnejsivimperk.cz\/index.php?rest_route=%2Fwp%2Fv2%2Fcomments&post=102643"}],"version-history":[{"count":3,"href":"https:\/\/zakrasnejsivimperk.cz\/index.php?rest_route=\/wp\/v2\/posts\/102643\/revisions"}],"predecessor-version":[{"id":102647,"href":"https:\/\/zakrasnejsivimperk.cz\/index.php?rest_route=\/wp\/v2\/posts\/102643\/revisions\/102647"}],"wp:featuredmedia":[{"embeddable":true,"href":"https:\/\/zakrasnejsivimperk.cz\/index.php?rest_route=\/wp\/v2\/media\/102644"}],"wp:attachment":[{"href":"https:\/\/zakrasnejsivimperk.cz\/index.php?rest_route=%2Fwp%2Fv2%2Fmedia&parent=102643"}],"wp:term":[{"taxonomy":"category","embeddable":true,"href":"https:\/\/zakrasnejsivimperk.cz\/index.php?rest_route=%2Fwp%2Fv2%2Fcategories&post=102643"},{"taxonomy":"post_tag","embeddable":true,"href":"https:\/\/zakrasnejsivimperk.cz\/index.php?rest_route=%2Fwp%2Fv2%2Ftags&post=102643"}],"curies":[{"name":"wp","href":"https:\/\/api.w.org\/{rel}","templated":true}]}}