{"id":102488,"date":"2017-07-06T16:55:18","date_gmt":"2017-07-06T15:55:18","guid":{"rendered":"http:\/\/zakrasnejsivimperk.cz\/?p=102488"},"modified":"2017-07-06T16:59:28","modified_gmt":"2017-07-06T15:59:28","slug":"nebe-nad-hlavou-patek-bude-prvnim-tropickym-dnem-prazdnin-slibuje-predpoved-meteopress-online","status":"publish","type":"post","link":"https:\/\/zakrasnejsivimperk.cz\/?p=102488","title":{"rendered":"NEBE NAD HLAVOU: P\u00e1tek pr\u00fd bude prvn\u00edm tropick\u00fdm dnem pr\u00e1zdnin, slibuje to alespo\u0148 aktu\u00e1ln\u00ed p\u0159edpov\u011b\u010f"},"content":{"rendered":"<p><img loading=\"lazy\" decoding=\"async\" class=\"aligncenter wp-image-102489 size-full\" src=\"http:\/\/zakrasnejsivimperk.cz\/wp-content\/uploads\/2017\/07\/04\/mapa-po\u010das\u00ed-040717.png\" alt=\"\" width=\"800\" height=\"600\" srcset=\"https:\/\/zakrasnejsivimperk.cz\/wp-content\/uploads\/2017\/07\/04\/mapa-po\u010das\u00ed-040717.png 800w, https:\/\/zakrasnejsivimperk.cz\/wp-content\/uploads\/2017\/07\/04\/mapa-po\u010das\u00ed-040717-300x225.png 300w, https:\/\/zakrasnejsivimperk.cz\/wp-content\/uploads\/2017\/07\/04\/mapa-po\u010das\u00ed-040717-768x576.png 768w, https:\/\/zakrasnejsivimperk.cz\/wp-content\/uploads\/2017\/07\/04\/mapa-po\u010das\u00ed-040717-476x357.png 476w, https:\/\/zakrasnejsivimperk.cz\/wp-content\/uploads\/2017\/07\/04\/mapa-po\u010das\u00ed-040717-644x483.png 644w\" sizes=\"(max-width: 800px) 100vw, 800px\" \/><\/p>\n<p style=\"text-align: center;\"><strong><a id=\"js_3os\" href=\"https:\/\/www.facebook.com\/meteopress\/?hc_ref=PAGES_TIMELINE&amp;fref=nf\" target=\"_blank\" rel=\"noopener noreferrer\" data-hovercard=\"\/ajax\/hovercard\/page.php?id=272973163709&amp;extragetparams=%7B%22hc_ref%22%3A%22PAGES_TIMELINE%22%2C%22fref%22%3A%22nf%22%7D\" data-hovercard-prefer-more-content-show=\"1\" data-hovercard-referer=\"PAGES_TIMELINE\">Meteopress Online<\/a><\/strong><\/p>\n<p>&nbsp;<\/p>\n<h6>Po\u010d\u00e1tek leto\u0161n\u00edch pr\u00e1zdnin za\u010dal chladn\u011bj\u0161\u00edm charakterem po\u010das\u00ed. Prvn\u00edho tropick\u00e9ho dne se tak do\u010dk\u00e1me a\u017e tento p\u00e1tek \u2013 to bude rtu\u0165 teplom\u011bru, p\u0159ed p\u0159echodem studen\u00e9 fronty, stoupat a\u017e k\u00a031 \u00b0C. Pot\u00e9 ale teploty op\u011bt klesnou a zastavovat se budou na letn\u00ed hranici. Na tropy to v\u00a0prvn\u00ed \u010dervencov\u00e9 polovin\u011b m\u011bs\u00edce nevypad\u00e1.<\/h6>\n<p><a href=\"http:\/\/nebenadhlavou.cz\/\" target=\"_blank\" rel=\"noopener noreferrer\"><strong>NEBE NAD HLAVOU<\/strong><\/a><\/p>\n<p>&nbsp;<\/p>\n<p>&nbsp;<\/p>\n","protected":false},"excerpt":{"rendered":"<p>Meteopress Online <\/p>\n","protected":false},"author":2,"featured_media":102489,"comment_status":"open","ping_status":"open","sticky":false,"template":"","format":"gallery","meta":{"footnotes":""},"categories":[31],"tags":[],"jetpack_featured_media_url":"https:\/\/zakrasnejsivimperk.cz\/wp-content\/uploads\/2017\/07\/04\/mapa-po\u010das\u00ed-040717.png","_links":{"self":[{"href":"https:\/\/zakrasnejsivimperk.cz\/index.php?rest_route=\/wp\/v2\/posts\/102488"}],"collection":[{"href":"https:\/\/zakrasnejsivimperk.cz\/index.php?rest_route=\/wp\/v2\/posts"}],"about":[{"href":"https:\/\/zakrasnejsivimperk.cz\/index.php?rest_route=\/wp\/v2\/types\/post"}],"author":[{"embeddable":true,"href":"https:\/\/zakrasnejsivimperk.cz\/index.php?rest_route=\/wp\/v2\/users\/2"}],"replies":[{"embeddable":true,"href":"https:\/\/zakrasnejsivimperk.cz\/index.php?rest_route=%2Fwp%2Fv2%2Fcomments&post=102488"}],"version-history":[{"count":6,"href":"https:\/\/zakrasnejsivimperk.cz\/index.php?rest_route=\/wp\/v2\/posts\/102488\/revisions"}],"predecessor-version":[{"id":102675,"href":"https:\/\/zakrasnejsivimperk.cz\/index.php?rest_route=\/wp\/v2\/posts\/102488\/revisions\/102675"}],"wp:featuredmedia":[{"embeddable":true,"href":"https:\/\/zakrasnejsivimperk.cz\/index.php?rest_route=\/wp\/v2\/media\/102489"}],"wp:attachment":[{"href":"https:\/\/zakrasnejsivimperk.cz\/index.php?rest_route=%2Fwp%2Fv2%2Fmedia&parent=102488"}],"wp:term":[{"taxonomy":"category","embeddable":true,"href":"https:\/\/zakrasnejsivimperk.cz\/index.php?rest_route=%2Fwp%2Fv2%2Fcategories&post=102488"},{"taxonomy":"post_tag","embeddable":true,"href":"https:\/\/zakrasnejsivimperk.cz\/index.php?rest_route=%2Fwp%2Fv2%2Ftags&post=102488"}],"curies":[{"name":"wp","href":"https:\/\/api.w.org\/{rel}","templated":true}]}}