{"id":102469,"date":"2017-07-04T13:13:32","date_gmt":"2017-07-04T12:13:32","guid":{"rendered":"http:\/\/zakrasnejsivimperk.cz\/?p=102469"},"modified":"2017-07-04T13:15:08","modified_gmt":"2017-07-04T12:15:08","slug":"nebe-nad-hlavou-jeste-nevite-kdy-na-dovolenou-mame-pro-vas-vyhled-pocasi-na-cervenec","status":"publish","type":"post","link":"https:\/\/zakrasnejsivimperk.cz\/?p=102469","title":{"rendered":"NEBE NAD HLAVOU: Je\u0161t\u011b nev\u00edte, kdy na dovolenou? T\u0159eba se rozhodnete podle v\u00fdhledu po\u010das\u00ed na \u010dervenec"},"content":{"rendered":"<p><img loading=\"lazy\" decoding=\"async\" class=\"aligncenter wp-image-100901 size-full\" src=\"http:\/\/zakrasnejsivimperk.cz\/wp-content\/uploads\/2017\/06\/18\/l\u00e9to-2.jpg\" alt=\"\" width=\"960\" height=\"720\" srcset=\"https:\/\/zakrasnejsivimperk.cz\/wp-content\/uploads\/2017\/06\/18\/l\u00e9to-2.jpg 960w, https:\/\/zakrasnejsivimperk.cz\/wp-content\/uploads\/2017\/06\/18\/l\u00e9to-2-300x225.jpg 300w, https:\/\/zakrasnejsivimperk.cz\/wp-content\/uploads\/2017\/06\/18\/l\u00e9to-2-768x576.jpg 768w, https:\/\/zakrasnejsivimperk.cz\/wp-content\/uploads\/2017\/06\/18\/l\u00e9to-2-476x357.jpg 476w, https:\/\/zakrasnejsivimperk.cz\/wp-content\/uploads\/2017\/06\/18\/l\u00e9to-2-644x483.jpg 644w\" sizes=\"(max-width: 960px) 100vw, 960px\" \/><\/p>\n<p>&nbsp;<\/p>\n<h6>Z v\u00fdhledu po\u010das\u00ed na \u010dervenec to vypad\u00e1, \u017ee n\u00e1s alespo\u0148 z po\u010d\u00e1tku m\u011bs\u00edce po\u010das\u00ed k vod\u011b l\u00e1kat nebude. Sp\u00ed\u0161e budeme pot\u0159ebovat dlouh\u00e9 kalhoty a tri\u010dko s dlouh\u00fdm ruk\u00e1vem, po r\u00e1nu i svetr.<\/h6>\n<p><strong>Obdob\u00ed od 1. do 10. \u010dervence<\/strong><\/p>\n<p>Polojasno nebo obla\u010dno a m\u00edsty p\u0159eh\u00e1\u0148ky nebo ob\u010dasn\u00fd d\u00e9\u0161\u0165, jen ojedin\u011ble bou\u0159ky. Rann\u00ed teploty 14 a\u017e 9 \u00b0C, uprost\u0159ed obdob\u00ed jen 5 \u00b0C. Denn\u00ed teploty 18 a\u017e 23 \u00b0C, na v\u00fdchod\u011b \u00fazem\u00ed a\u017e 26 \u00b0C.<\/p>\n<p><strong>Obdob\u00ed od 11. do 20. \u010dervence<\/strong><\/p>\n<p>Polojasno a\u017e obla\u010dno, m\u00edsty p\u0159eh\u00e1\u0148ky nebo bou\u0159ky. Ve druh\u00e9 polovin\u011b obdob\u00ed na front\u00e1ch obla\u010dno a\u017e zata\u017eeno s ob\u010dasn\u00fdm de\u0161t\u011bm, p\u0159eh\u00e1\u0148kami a bou\u0159kami. Rann\u00ed teploty 17 a\u017e 10 \u00b0C. Denn\u00ed teploty 18 a\u017e 25 \u00b0C, jen p\u0159echodn\u011b a\u017e 28 \u00b0C.<\/p>\n<p><strong>Obdob\u00ed od 21. do 31. \u010dervence<\/strong><\/p>\n<p>Polojasno a\u017e obla\u010dno, m\u00edsty p\u0159eh\u00e1\u0148ky a bou\u0159ky. Ve druh\u00e9 polovin\u011b obdob\u00ed ub\u00fdv\u00e1n\u00ed obla\u010dnosti i sr\u00e1\u017eek. Rann\u00ed teploty 16 a\u017e 11 \u00b0C. Denn\u00ed teploty 24 a\u017e 30 \u00b0C.<\/p>\n<p>Obdob\u00ed o\u010dek\u00e1v\u00e1me sr\u00e1\u017ekov\u011b jako celek: pr\u016fm\u011brn\u00e9 (sr\u00e1\u017ekov\u00fd norm\u00e1l je 89 mm).<\/p>\n<p>Obdob\u00ed o\u010dek\u00e1v\u00e1me teplotn\u011b jako celek: slab\u011b pr\u016fm\u011brn\u00e9 (pr\u016fm\u011brn\u00e1 teplota vzduchu je 16,9 \u00b0C).<\/p>\n<p>&nbsp;<\/p>\n<p><a href=\"http:\/\/nebenadhlavou.cz\/\" target=\"_blank\" rel=\"noopener noreferrer\"><strong>NEBE NAD HLAVOU<\/strong><\/a><\/p>\n<p>Ilustra\u010dn\u00ed foto: archiv (red) &#8211; Za kr\u00e1sn\u011bj\u0161\u00ed Vimperk<\/p>\n<p>&nbsp;<\/p>\n<p>&nbsp;<\/p>\n<p>&nbsp;<\/p>\n","protected":false},"excerpt":{"rendered":"<p>&nbsp; Z <\/p>\n","protected":false},"author":2,"featured_media":100901,"comment_status":"open","ping_status":"open","sticky":false,"template":"","format":"gallery","meta":{"footnotes":""},"categories":[31],"tags":[],"jetpack_featured_media_url":"https:\/\/zakrasnejsivimperk.cz\/wp-content\/uploads\/2017\/06\/18\/l\u00e9to-2.jpg","_links":{"self":[{"href":"https:\/\/zakrasnejsivimperk.cz\/index.php?rest_route=\/wp\/v2\/posts\/102469"}],"collection":[{"href":"https:\/\/zakrasnejsivimperk.cz\/index.php?rest_route=\/wp\/v2\/posts"}],"about":[{"href":"https:\/\/zakrasnejsivimperk.cz\/index.php?rest_route=\/wp\/v2\/types\/post"}],"author":[{"embeddable":true,"href":"https:\/\/zakrasnejsivimperk.cz\/index.php?rest_route=\/wp\/v2\/users\/2"}],"replies":[{"embeddable":true,"href":"https:\/\/zakrasnejsivimperk.cz\/index.php?rest_route=%2Fwp%2Fv2%2Fcomments&post=102469"}],"version-history":[{"count":3,"href":"https:\/\/zakrasnejsivimperk.cz\/index.php?rest_route=\/wp\/v2\/posts\/102469\/revisions"}],"predecessor-version":[{"id":102472,"href":"https:\/\/zakrasnejsivimperk.cz\/index.php?rest_route=\/wp\/v2\/posts\/102469\/revisions\/102472"}],"wp:featuredmedia":[{"embeddable":true,"href":"https:\/\/zakrasnejsivimperk.cz\/index.php?rest_route=\/wp\/v2\/media\/100901"}],"wp:attachment":[{"href":"https:\/\/zakrasnejsivimperk.cz\/index.php?rest_route=%2Fwp%2Fv2%2Fmedia&parent=102469"}],"wp:term":[{"taxonomy":"category","embeddable":true,"href":"https:\/\/zakrasnejsivimperk.cz\/index.php?rest_route=%2Fwp%2Fv2%2Fcategories&post=102469"},{"taxonomy":"post_tag","embeddable":true,"href":"https:\/\/zakrasnejsivimperk.cz\/index.php?rest_route=%2Fwp%2Fv2%2Ftags&post=102469"}],"curies":[{"name":"wp","href":"https:\/\/api.w.org\/{rel}","templated":true}]}}