{"id":102397,"date":"2017-07-03T18:51:23","date_gmt":"2017-07-03T17:51:23","guid":{"rendered":"http:\/\/zakrasnejsivimperk.cz\/?p=102397"},"modified":"2017-07-03T18:58:10","modified_gmt":"2017-07-03T17:58:10","slug":"nebe-nad-hlavou-je-tady-vecerni-zpravodajstvi-meteopress-online-napovi-jake-bude-v-utery-pocasi","status":"publish","type":"post","link":"https:\/\/zakrasnejsivimperk.cz\/?p=102397","title":{"rendered":"NEBE NAD HLAVOU: Je tady ve\u010dern\u00ed zpravodajstv\u00ed Meteopress Online. Napov\u00ed, jak\u00e9 bude v \u00fater\u00fd po\u010das\u00ed"},"content":{"rendered":"<h6>Video na facebookov\u00e9m profilu Meteopress Online\u00a0spust\u00edte kliknut\u00edm na obr\u00e1zek:<\/h6>\n<p><a href=\"https:\/\/www.facebook.com\/meteopress\/videos\/10154938423048710\/\" target=\"_blank\" rel=\"noopener noreferrer\"><img loading=\"lazy\" decoding=\"async\" class=\"aligncenter wp-image-102398 size-full\" src=\"http:\/\/zakrasnejsivimperk.cz\/wp-content\/uploads\/2017\/07\/03\/video-po\u010das\u00ed-030717.jpg\" alt=\"\" width=\"800\" height=\"439\" srcset=\"https:\/\/zakrasnejsivimperk.cz\/wp-content\/uploads\/2017\/07\/03\/video-po\u010das\u00ed-030717.jpg 800w, https:\/\/zakrasnejsivimperk.cz\/wp-content\/uploads\/2017\/07\/03\/video-po\u010das\u00ed-030717-300x165.jpg 300w, https:\/\/zakrasnejsivimperk.cz\/wp-content\/uploads\/2017\/07\/03\/video-po\u010das\u00ed-030717-768x421.jpg 768w, https:\/\/zakrasnejsivimperk.cz\/wp-content\/uploads\/2017\/07\/03\/video-po\u010das\u00ed-030717-651x357.jpg 651w\" sizes=\"(max-width: 800px) 100vw, 800px\" \/><\/a><\/p>\n<h6 style=\"text-align: center;\"><a id=\"js_fsq\" href=\"https:\/\/www.facebook.com\/meteopress\/?hc_ref=PAGES_TIMELINE&amp;fref=nf\" target=\"_blank\" rel=\"noopener noreferrer\" data-hovercard=\"\/ajax\/hovercard\/page.php?id=272973163709&amp;extragetparams=%7B%22hc_ref%22%3A%22PAGES_TIMELINE%22%2C%22fref%22%3A%22nf%22%7D\" data-hovercard-prefer-more-content-show=\"1\" data-hovercard-referer=\"PAGES_TIMELINE\">Meteopress Online<\/a><\/h6>\n<p>&nbsp;<\/p>\n<p>&nbsp;<\/p>\n<p>&nbsp;<\/p>\n","protected":false},"excerpt":{"rendered":"<p>Video na <\/p>\n","protected":false},"author":2,"featured_media":102398,"comment_status":"open","ping_status":"open","sticky":false,"template":"","format":"gallery","meta":{"footnotes":""},"categories":[31],"tags":[],"jetpack_featured_media_url":"https:\/\/zakrasnejsivimperk.cz\/wp-content\/uploads\/2017\/07\/03\/video-po\u010das\u00ed-030717.jpg","_links":{"self":[{"href":"https:\/\/zakrasnejsivimperk.cz\/index.php?rest_route=\/wp\/v2\/posts\/102397"}],"collection":[{"href":"https:\/\/zakrasnejsivimperk.cz\/index.php?rest_route=\/wp\/v2\/posts"}],"about":[{"href":"https:\/\/zakrasnejsivimperk.cz\/index.php?rest_route=\/wp\/v2\/types\/post"}],"author":[{"embeddable":true,"href":"https:\/\/zakrasnejsivimperk.cz\/index.php?rest_route=\/wp\/v2\/users\/2"}],"replies":[{"embeddable":true,"href":"https:\/\/zakrasnejsivimperk.cz\/index.php?rest_route=%2Fwp%2Fv2%2Fcomments&post=102397"}],"version-history":[{"count":4,"href":"https:\/\/zakrasnejsivimperk.cz\/index.php?rest_route=\/wp\/v2\/posts\/102397\/revisions"}],"predecessor-version":[{"id":102402,"href":"https:\/\/zakrasnejsivimperk.cz\/index.php?rest_route=\/wp\/v2\/posts\/102397\/revisions\/102402"}],"wp:featuredmedia":[{"embeddable":true,"href":"https:\/\/zakrasnejsivimperk.cz\/index.php?rest_route=\/wp\/v2\/media\/102398"}],"wp:attachment":[{"href":"https:\/\/zakrasnejsivimperk.cz\/index.php?rest_route=%2Fwp%2Fv2%2Fmedia&parent=102397"}],"wp:term":[{"taxonomy":"category","embeddable":true,"href":"https:\/\/zakrasnejsivimperk.cz\/index.php?rest_route=%2Fwp%2Fv2%2Fcategories&post=102397"},{"taxonomy":"post_tag","embeddable":true,"href":"https:\/\/zakrasnejsivimperk.cz\/index.php?rest_route=%2Fwp%2Fv2%2Ftags&post=102397"}],"curies":[{"name":"wp","href":"https:\/\/api.w.org\/{rel}","templated":true}]}}