{"id":102257,"date":"2017-07-02T12:20:09","date_gmt":"2017-07-02T11:20:09","guid":{"rendered":"http:\/\/zakrasnejsivimperk.cz\/?p=102257"},"modified":"2017-07-02T12:22:36","modified_gmt":"2017-07-02T11:22:36","slug":"nebe-nad-hlavou-predpoved-pocasi-na-novy-tyden-nezapomente-doma-plastenky-a-destniky","status":"publish","type":"post","link":"https:\/\/zakrasnejsivimperk.cz\/?p=102257","title":{"rendered":"NEBE NAD HLAVOU: M\u00e1me pro v\u00e1s p\u0159edpov\u011b\u010f po\u010das\u00ed na nov\u00fd t\u00fdden. Nenechte doma pl\u00e1\u0161t\u011bnky a de\u0161tn\u00edky"},"content":{"rendered":"<p><img loading=\"lazy\" decoding=\"async\" class=\"aligncenter wp-image-100902 size-full\" src=\"http:\/\/zakrasnejsivimperk.cz\/wp-content\/uploads\/2017\/06\/18\/l\u00e9to-3.jpg\" alt=\"\" width=\"960\" height=\"640\" srcset=\"https:\/\/zakrasnejsivimperk.cz\/wp-content\/uploads\/2017\/06\/18\/l\u00e9to-3.jpg 960w, https:\/\/zakrasnejsivimperk.cz\/wp-content\/uploads\/2017\/06\/18\/l\u00e9to-3-300x200.jpg 300w, https:\/\/zakrasnejsivimperk.cz\/wp-content\/uploads\/2017\/06\/18\/l\u00e9to-3-768x512.jpg 768w, https:\/\/zakrasnejsivimperk.cz\/wp-content\/uploads\/2017\/06\/18\/l\u00e9to-3-536x357.jpg 536w, https:\/\/zakrasnejsivimperk.cz\/wp-content\/uploads\/2017\/06\/18\/l\u00e9to-3-725x483.jpg 725w\" sizes=\"(max-width: 960px) 100vw, 960px\" \/><\/p>\n<p>&nbsp;<\/p>\n<h6>Na koup\u00e1n\u00ed bude a\u017e druh\u00e1 polovina prvn\u00edho \u010dervencov\u00e9ho t\u00fddne.<\/h6>\n<p>V pond\u011bl\u00ed bude obla\u010dno a\u017e polojasno, ojedin\u011ble p\u0159eh\u00e1\u0148ky. No\u010dn\u00ed teploty 14 a\u017e 10 \u00b0C. Denn\u00ed teploty 20 a\u017e 24 \u00b0C. M\u00edrn\u00fd z\u00e1padn\u00ed v\u00edtr.<\/p>\n<p>V \u00fater\u00fd bude polojasno, b\u011bhem dne a\u017e obla\u010dno a ojedin\u011ble p\u0159eh\u00e1\u0148ky. No\u010dn\u00ed teploty 12 a\u017e 8 \u00b0C. Denn\u00ed teploty 22 a\u017e 26 \u00b0C. M\u00edrn\u00fd severoz\u00e1padn\u00ed v\u00edtr.<\/p>\n<p>Ve st\u0159edu bude polojasno. No\u010dn\u00ed teploty 14 a\u017e 10 \u00b0C. Denn\u00ed teploty 20 a\u017e 24 \u00b0C. m\u00edrn\u00fd severoz\u00e1padn\u00ed v\u00edtr.<\/p>\n<p>Ve \u010dtvrtek bude polojasno. No\u010dn\u00ed teploty 14 a\u017e 10 \u00b0C. Denn\u00ed teploty 25 a\u017e 29 \u00b0C. Slab\u00fd z\u00e1padn\u00ed v\u00edtr.<\/p>\n<p>V p\u00e1tek bude polojasno a\u017e obla\u010dno, m\u00edsty p\u0159eh\u00e1\u0148ky nebo bou\u0159ky. No\u010dn\u00ed teploty 15 a\u017e 11 \u00b0C. Denn\u00ed teploty 25 a\u017e 29 \u00b0C. M\u00edrn\u00fd jihoz\u00e1padn\u00ed v\u00edtr.<\/p>\n<p>V sobotu bude obla\u010dno a\u017e zata\u017eeno, m\u00edsty p\u0159eh\u00e1\u0148ky nebo bou\u0159ky. No\u010dn\u00ed teploty 18 a\u017e 14 \u00b0C. Denn\u00ed teploty 25 a\u017e 29 \u00b0C. \u010cerstv\u00fd severoz\u00e1padn\u00ed v\u00edtr.<\/p>\n<p>V ned\u011bli bude jasno a\u017e polojasno. No\u010dn\u00ed teploty 16 a\u017e 12 \u00b0C. Denn\u00ed teploty 24 a\u017e 28 \u00b0C. M\u00edrn\u00fd jihoz\u00e1padn\u00ed v\u00edtr.<\/p>\n<p>&nbsp;<\/p>\n<p><a href=\"http:\/\/nebenadhlavou.cz\/\" target=\"_blank\" rel=\"noopener noreferrer\"><strong>NEBE NAD HLAVOU<\/strong><\/a><\/p>\n<p>Ilustra\u010dn\u00ed foto: archiv (red) &#8211; Za kr\u00e1sn\u011bj\u0161\u00ed Vimperk<\/p>\n<p>&nbsp;<\/p>\n<p>&nbsp;<\/p>\n<p>&nbsp;<\/p>\n","protected":false},"excerpt":{"rendered":"<p>&nbsp; Na <\/p>\n","protected":false},"author":2,"featured_media":100902,"comment_status":"open","ping_status":"open","sticky":false,"template":"","format":"gallery","meta":{"footnotes":""},"categories":[31],"tags":[],"jetpack_featured_media_url":"https:\/\/zakrasnejsivimperk.cz\/wp-content\/uploads\/2017\/06\/18\/l\u00e9to-3.jpg","_links":{"self":[{"href":"https:\/\/zakrasnejsivimperk.cz\/index.php?rest_route=\/wp\/v2\/posts\/102257"}],"collection":[{"href":"https:\/\/zakrasnejsivimperk.cz\/index.php?rest_route=\/wp\/v2\/posts"}],"about":[{"href":"https:\/\/zakrasnejsivimperk.cz\/index.php?rest_route=\/wp\/v2\/types\/post"}],"author":[{"embeddable":true,"href":"https:\/\/zakrasnejsivimperk.cz\/index.php?rest_route=\/wp\/v2\/users\/2"}],"replies":[{"embeddable":true,"href":"https:\/\/zakrasnejsivimperk.cz\/index.php?rest_route=%2Fwp%2Fv2%2Fcomments&post=102257"}],"version-history":[{"count":3,"href":"https:\/\/zakrasnejsivimperk.cz\/index.php?rest_route=\/wp\/v2\/posts\/102257\/revisions"}],"predecessor-version":[{"id":102260,"href":"https:\/\/zakrasnejsivimperk.cz\/index.php?rest_route=\/wp\/v2\/posts\/102257\/revisions\/102260"}],"wp:featuredmedia":[{"embeddable":true,"href":"https:\/\/zakrasnejsivimperk.cz\/index.php?rest_route=\/wp\/v2\/media\/100902"}],"wp:attachment":[{"href":"https:\/\/zakrasnejsivimperk.cz\/index.php?rest_route=%2Fwp%2Fv2%2Fmedia&parent=102257"}],"wp:term":[{"taxonomy":"category","embeddable":true,"href":"https:\/\/zakrasnejsivimperk.cz\/index.php?rest_route=%2Fwp%2Fv2%2Fcategories&post=102257"},{"taxonomy":"post_tag","embeddable":true,"href":"https:\/\/zakrasnejsivimperk.cz\/index.php?rest_route=%2Fwp%2Fv2%2Ftags&post=102257"}],"curies":[{"name":"wp","href":"https:\/\/api.w.org\/{rel}","templated":true}]}}