{"id":101505,"date":"2017-06-24T18:49:00","date_gmt":"2017-06-24T17:49:00","guid":{"rendered":"http:\/\/zakrasnejsivimperk.cz\/?p=101505"},"modified":"2017-10-09T06:51:34","modified_gmt":"2017-10-09T05:51:34","slug":"fotogalerie-pohadkovy-den-u-sumavouse-foto-leos-russ","status":"publish","type":"post","link":"https:\/\/zakrasnejsivimperk.cz\/?p=101505","title":{"rendered":"FOTOGALERIE: Poh\u00e1dkov\u00fd den u \u0160umavouse (foto: Leo\u0161 RUSS)"},"content":{"rendered":"<p><img loading=\"lazy\" decoding=\"async\" class=\"aligncenter wp-image-100977 size-full\" src=\"http:\/\/zakrasnejsivimperk.cz\/wp-content\/uploads\/2017\/06\/19\/plakat-\u0161umavous.jpg\" alt=\"\" width=\"678\" height=\"960\" \/><\/p>\n<p>&nbsp;<\/p>\n<div id='gallery-1' class='gallery galleryid-101505 gallery-columns-3 gallery-size-medium'><figure class='gallery-item'>\n\t\t\t<div class='gallery-icon landscape'>\n\t\t\t\t<a href='https:\/\/zakrasnejsivimperk.cz\/?attachment_id=101506'><img loading=\"lazy\" decoding=\"async\" width=\"300\" height=\"169\" src=\"https:\/\/zakrasnejsivimperk.cz\/wp-content\/uploads\/2017\/06\/24\/pohadkovy-den-sumavous-240617-1-300x169.jpg\" class=\"attachment-medium size-medium\" alt=\"\" srcset=\"https:\/\/zakrasnejsivimperk.cz\/wp-content\/uploads\/2017\/06\/24\/pohadkovy-den-sumavous-240617-1-300x169.jpg 300w, https:\/\/zakrasnejsivimperk.cz\/wp-content\/uploads\/2017\/06\/24\/pohadkovy-den-sumavous-240617-1-768x433.jpg 768w, https:\/\/zakrasnejsivimperk.cz\/wp-content\/uploads\/2017\/06\/24\/pohadkovy-den-sumavous-240617-1-1024x577.jpg 1024w, https:\/\/zakrasnejsivimperk.cz\/wp-content\/uploads\/2017\/06\/24\/pohadkovy-den-sumavous-240617-1-634x357.jpg 634w, https:\/\/zakrasnejsivimperk.cz\/wp-content\/uploads\/2017\/06\/24\/pohadkovy-den-sumavous-240617-1-858x483.jpg 858w, https:\/\/zakrasnejsivimperk.cz\/wp-content\/uploads\/2017\/06\/24\/pohadkovy-den-sumavous-240617-1.jpg 1440w\" sizes=\"(max-width: 300px) 100vw, 300px\" \/><\/a>\n\t\t\t<\/div><\/figure><figure class='gallery-item'>\n\t\t\t<div class='gallery-icon landscape'>\n\t\t\t\t<a href='https:\/\/zakrasnejsivimperk.cz\/?attachment_id=101507'><img loading=\"lazy\" decoding=\"async\" width=\"300\" height=\"169\" src=\"https:\/\/zakrasnejsivimperk.cz\/wp-content\/uploads\/2017\/06\/24\/pohadkovy-den-sumavous-240617-3-300x169.jpg\" class=\"attachment-medium size-medium\" alt=\"\" srcset=\"https:\/\/zakrasnejsivimperk.cz\/wp-content\/uploads\/2017\/06\/24\/pohadkovy-den-sumavous-240617-3-300x169.jpg 300w, https:\/\/zakrasnejsivimperk.cz\/wp-content\/uploads\/2017\/06\/24\/pohadkovy-den-sumavous-240617-3-768x433.jpg 768w, https:\/\/zakrasnejsivimperk.cz\/wp-content\/uploads\/2017\/06\/24\/pohadkovy-den-sumavous-240617-3-1024x577.jpg 1024w, https:\/\/zakrasnejsivimperk.cz\/wp-content\/uploads\/2017\/06\/24\/pohadkovy-den-sumavous-240617-3-634x357.jpg 634w, https:\/\/zakrasnejsivimperk.cz\/wp-content\/uploads\/2017\/06\/24\/pohadkovy-den-sumavous-240617-3-858x483.jpg 858w, https:\/\/zakrasnejsivimperk.cz\/wp-content\/uploads\/2017\/06\/24\/pohadkovy-den-sumavous-240617-3.jpg 1440w\" sizes=\"(max-width: 300px) 100vw, 300px\" \/><\/a>\n\t\t\t<\/div><\/figure><figure class='gallery-item'>\n\t\t\t<div class='gallery-icon landscape'>\n\t\t\t\t<a href='https:\/\/zakrasnejsivimperk.cz\/?attachment_id=101508'><img loading=\"lazy\" decoding=\"async\" width=\"300\" height=\"169\" src=\"https:\/\/zakrasnejsivimperk.cz\/wp-content\/uploads\/2017\/06\/24\/pohadkovy-den-sumavous-240617-5-300x169.jpg\" class=\"attachment-medium size-medium\" alt=\"\" srcset=\"https:\/\/zakrasnejsivimperk.cz\/wp-content\/uploads\/2017\/06\/24\/pohadkovy-den-sumavous-240617-5-300x169.jpg 300w, https:\/\/zakrasnejsivimperk.cz\/wp-content\/uploads\/2017\/06\/24\/pohadkovy-den-sumavous-240617-5-768x433.jpg 768w, https:\/\/zakrasnejsivimperk.cz\/wp-content\/uploads\/2017\/06\/24\/pohadkovy-den-sumavous-240617-5-1024x577.jpg 1024w, https:\/\/zakrasnejsivimperk.cz\/wp-content\/uploads\/2017\/06\/24\/pohadkovy-den-sumavous-240617-5-634x357.jpg 634w, https:\/\/zakrasnejsivimperk.cz\/wp-content\/uploads\/2017\/06\/24\/pohadkovy-den-sumavous-240617-5-858x483.jpg 858w, https:\/\/zakrasnejsivimperk.cz\/wp-content\/uploads\/2017\/06\/24\/pohadkovy-den-sumavous-240617-5.jpg 1440w\" sizes=\"(max-width: 300px) 100vw, 300px\" \/><\/a>\n\t\t\t<\/div><\/figure><figure class='gallery-item'>\n\t\t\t<div class='gallery-icon landscape'>\n\t\t\t\t<a href='https:\/\/zakrasnejsivimperk.cz\/?attachment_id=101509'><img loading=\"lazy\" decoding=\"async\" width=\"300\" height=\"169\" src=\"https:\/\/zakrasnejsivimperk.cz\/wp-content\/uploads\/2017\/06\/24\/pohadkovy-den-sumavous-240617-6-300x169.jpg\" class=\"attachment-medium size-medium\" alt=\"\" srcset=\"https:\/\/zakrasnejsivimperk.cz\/wp-content\/uploads\/2017\/06\/24\/pohadkovy-den-sumavous-240617-6-300x169.jpg 300w, https:\/\/zakrasnejsivimperk.cz\/wp-content\/uploads\/2017\/06\/24\/pohadkovy-den-sumavous-240617-6-768x433.jpg 768w, https:\/\/zakrasnejsivimperk.cz\/wp-content\/uploads\/2017\/06\/24\/pohadkovy-den-sumavous-240617-6-1024x577.jpg 1024w, https:\/\/zakrasnejsivimperk.cz\/wp-content\/uploads\/2017\/06\/24\/pohadkovy-den-sumavous-240617-6-634x357.jpg 634w, https:\/\/zakrasnejsivimperk.cz\/wp-content\/uploads\/2017\/06\/24\/pohadkovy-den-sumavous-240617-6-858x483.jpg 858w, https:\/\/zakrasnejsivimperk.cz\/wp-content\/uploads\/2017\/06\/24\/pohadkovy-den-sumavous-240617-6.jpg 1440w\" sizes=\"(max-width: 300px) 100vw, 300px\" \/><\/a>\n\t\t\t<\/div><\/figure><figure class='gallery-item'>\n\t\t\t<div class='gallery-icon landscape'>\n\t\t\t\t<a href='https:\/\/zakrasnejsivimperk.cz\/?attachment_id=101510'><img loading=\"lazy\" decoding=\"async\" width=\"300\" height=\"169\" src=\"https:\/\/zakrasnejsivimperk.cz\/wp-content\/uploads\/2017\/06\/24\/pohadkovy-den-sumavous-240617-7-300x169.jpg\" class=\"attachment-medium size-medium\" alt=\"\" srcset=\"https:\/\/zakrasnejsivimperk.cz\/wp-content\/uploads\/2017\/06\/24\/pohadkovy-den-sumavous-240617-7-300x169.jpg 300w, https:\/\/zakrasnejsivimperk.cz\/wp-content\/uploads\/2017\/06\/24\/pohadkovy-den-sumavous-240617-7-768x433.jpg 768w, https:\/\/zakrasnejsivimperk.cz\/wp-content\/uploads\/2017\/06\/24\/pohadkovy-den-sumavous-240617-7-1024x577.jpg 1024w, https:\/\/zakrasnejsivimperk.cz\/wp-content\/uploads\/2017\/06\/24\/pohadkovy-den-sumavous-240617-7-634x357.jpg 634w, https:\/\/zakrasnejsivimperk.cz\/wp-content\/uploads\/2017\/06\/24\/pohadkovy-den-sumavous-240617-7-858x483.jpg 858w, https:\/\/zakrasnejsivimperk.cz\/wp-content\/uploads\/2017\/06\/24\/pohadkovy-den-sumavous-240617-7.jpg 1440w\" sizes=\"(max-width: 300px) 100vw, 300px\" \/><\/a>\n\t\t\t<\/div><\/figure><figure class='gallery-item'>\n\t\t\t<div class='gallery-icon landscape'>\n\t\t\t\t<a href='https:\/\/zakrasnejsivimperk.cz\/?attachment_id=101511'><img loading=\"lazy\" decoding=\"async\" width=\"300\" height=\"169\" src=\"https:\/\/zakrasnejsivimperk.cz\/wp-content\/uploads\/2017\/06\/24\/pohadkovy-den-sumavous-240617-8-300x169.jpg\" class=\"attachment-medium size-medium\" alt=\"\" srcset=\"https:\/\/zakrasnejsivimperk.cz\/wp-content\/uploads\/2017\/06\/24\/pohadkovy-den-sumavous-240617-8-300x169.jpg 300w, https:\/\/zakrasnejsivimperk.cz\/wp-content\/uploads\/2017\/06\/24\/pohadkovy-den-sumavous-240617-8-768x433.jpg 768w, https:\/\/zakrasnejsivimperk.cz\/wp-content\/uploads\/2017\/06\/24\/pohadkovy-den-sumavous-240617-8-1024x577.jpg 1024w, https:\/\/zakrasnejsivimperk.cz\/wp-content\/uploads\/2017\/06\/24\/pohadkovy-den-sumavous-240617-8-634x357.jpg 634w, https:\/\/zakrasnejsivimperk.cz\/wp-content\/uploads\/2017\/06\/24\/pohadkovy-den-sumavous-240617-8-858x483.jpg 858w, https:\/\/zakrasnejsivimperk.cz\/wp-content\/uploads\/2017\/06\/24\/pohadkovy-den-sumavous-240617-8.jpg 1440w\" sizes=\"(max-width: 300px) 100vw, 300px\" \/><\/a>\n\t\t\t<\/div><\/figure><figure class='gallery-item'>\n\t\t\t<div class='gallery-icon landscape'>\n\t\t\t\t<a href='https:\/\/zakrasnejsivimperk.cz\/?attachment_id=101512'><img loading=\"lazy\" decoding=\"async\" width=\"300\" height=\"169\" src=\"https:\/\/zakrasnejsivimperk.cz\/wp-content\/uploads\/2017\/06\/24\/pohadkovy-den-sumavous-240617-9-300x169.jpg\" class=\"attachment-medium size-medium\" alt=\"\" srcset=\"https:\/\/zakrasnejsivimperk.cz\/wp-content\/uploads\/2017\/06\/24\/pohadkovy-den-sumavous-240617-9-300x169.jpg 300w, https:\/\/zakrasnejsivimperk.cz\/wp-content\/uploads\/2017\/06\/24\/pohadkovy-den-sumavous-240617-9-768x433.jpg 768w, https:\/\/zakrasnejsivimperk.cz\/wp-content\/uploads\/2017\/06\/24\/pohadkovy-den-sumavous-240617-9-1024x577.jpg 1024w, https:\/\/zakrasnejsivimperk.cz\/wp-content\/uploads\/2017\/06\/24\/pohadkovy-den-sumavous-240617-9-634x357.jpg 634w, https:\/\/zakrasnejsivimperk.cz\/wp-content\/uploads\/2017\/06\/24\/pohadkovy-den-sumavous-240617-9-858x483.jpg 858w, https:\/\/zakrasnejsivimperk.cz\/wp-content\/uploads\/2017\/06\/24\/pohadkovy-den-sumavous-240617-9.jpg 1440w\" sizes=\"(max-width: 300px) 100vw, 300px\" \/><\/a>\n\t\t\t<\/div><\/figure><figure class='gallery-item'>\n\t\t\t<div class='gallery-icon landscape'>\n\t\t\t\t<a href='https:\/\/zakrasnejsivimperk.cz\/?attachment_id=101513'><img loading=\"lazy\" decoding=\"async\" width=\"300\" height=\"169\" src=\"https:\/\/zakrasnejsivimperk.cz\/wp-content\/uploads\/2017\/06\/24\/pohadkovy-den-sumavous-240617-10-300x169.jpg\" class=\"attachment-medium size-medium\" alt=\"\" srcset=\"https:\/\/zakrasnejsivimperk.cz\/wp-content\/uploads\/2017\/06\/24\/pohadkovy-den-sumavous-240617-10-300x169.jpg 300w, https:\/\/zakrasnejsivimperk.cz\/wp-content\/uploads\/2017\/06\/24\/pohadkovy-den-sumavous-240617-10-768x433.jpg 768w, https:\/\/zakrasnejsivimperk.cz\/wp-content\/uploads\/2017\/06\/24\/pohadkovy-den-sumavous-240617-10-1024x577.jpg 1024w, https:\/\/zakrasnejsivimperk.cz\/wp-content\/uploads\/2017\/06\/24\/pohadkovy-den-sumavous-240617-10-634x357.jpg 634w, https:\/\/zakrasnejsivimperk.cz\/wp-content\/uploads\/2017\/06\/24\/pohadkovy-den-sumavous-240617-10-858x483.jpg 858w, https:\/\/zakrasnejsivimperk.cz\/wp-content\/uploads\/2017\/06\/24\/pohadkovy-den-sumavous-240617-10.jpg 1440w\" sizes=\"(max-width: 300px) 100vw, 300px\" \/><\/a>\n\t\t\t<\/div><\/figure><figure class='gallery-item'>\n\t\t\t<div class='gallery-icon landscape'>\n\t\t\t\t<a href='https:\/\/zakrasnejsivimperk.cz\/?attachment_id=101514'><img loading=\"lazy\" decoding=\"async\" width=\"300\" height=\"169\" src=\"https:\/\/zakrasnejsivimperk.cz\/wp-content\/uploads\/2017\/06\/24\/pohadkovy-den-sumavous-240617-11-300x169.jpg\" class=\"attachment-medium size-medium\" alt=\"\" srcset=\"https:\/\/zakrasnejsivimperk.cz\/wp-content\/uploads\/2017\/06\/24\/pohadkovy-den-sumavous-240617-11-300x169.jpg 300w, https:\/\/zakrasnejsivimperk.cz\/wp-content\/uploads\/2017\/06\/24\/pohadkovy-den-sumavous-240617-11-768x433.jpg 768w, https:\/\/zakrasnejsivimperk.cz\/wp-content\/uploads\/2017\/06\/24\/pohadkovy-den-sumavous-240617-11-1024x577.jpg 1024w, https:\/\/zakrasnejsivimperk.cz\/wp-content\/uploads\/2017\/06\/24\/pohadkovy-den-sumavous-240617-11-634x357.jpg 634w, https:\/\/zakrasnejsivimperk.cz\/wp-content\/uploads\/2017\/06\/24\/pohadkovy-den-sumavous-240617-11-858x483.jpg 858w, https:\/\/zakrasnejsivimperk.cz\/wp-content\/uploads\/2017\/06\/24\/pohadkovy-den-sumavous-240617-11.jpg 1440w\" sizes=\"(max-width: 300px) 100vw, 300px\" \/><\/a>\n\t\t\t<\/div><\/figure><figure class='gallery-item'>\n\t\t\t<div class='gallery-icon landscape'>\n\t\t\t\t<a href='https:\/\/zakrasnejsivimperk.cz\/?attachment_id=101515'><img loading=\"lazy\" decoding=\"async\" width=\"300\" height=\"169\" src=\"https:\/\/zakrasnejsivimperk.cz\/wp-content\/uploads\/2017\/06\/24\/pohadkovy-den-sumavous-240617-12-300x169.jpg\" class=\"attachment-medium size-medium\" alt=\"\" srcset=\"https:\/\/zakrasnejsivimperk.cz\/wp-content\/uploads\/2017\/06\/24\/pohadkovy-den-sumavous-240617-12-300x169.jpg 300w, https:\/\/zakrasnejsivimperk.cz\/wp-content\/uploads\/2017\/06\/24\/pohadkovy-den-sumavous-240617-12-768x433.jpg 768w, https:\/\/zakrasnejsivimperk.cz\/wp-content\/uploads\/2017\/06\/24\/pohadkovy-den-sumavous-240617-12-1024x577.jpg 1024w, https:\/\/zakrasnejsivimperk.cz\/wp-content\/uploads\/2017\/06\/24\/pohadkovy-den-sumavous-240617-12-634x357.jpg 634w, https:\/\/zakrasnejsivimperk.cz\/wp-content\/uploads\/2017\/06\/24\/pohadkovy-den-sumavous-240617-12-858x483.jpg 858w, https:\/\/zakrasnejsivimperk.cz\/wp-content\/uploads\/2017\/06\/24\/pohadkovy-den-sumavous-240617-12.jpg 1440w\" sizes=\"(max-width: 300px) 100vw, 300px\" \/><\/a>\n\t\t\t<\/div><\/figure><figure class='gallery-item'>\n\t\t\t<div class='gallery-icon landscape'>\n\t\t\t\t<a href='https:\/\/zakrasnejsivimperk.cz\/?attachment_id=101516'><img loading=\"lazy\" decoding=\"async\" width=\"300\" height=\"169\" src=\"https:\/\/zakrasnejsivimperk.cz\/wp-content\/uploads\/2017\/06\/24\/pohadkovy-den-sumavous-240617-13-300x169.jpg\" class=\"attachment-medium size-medium\" alt=\"\" srcset=\"https:\/\/zakrasnejsivimperk.cz\/wp-content\/uploads\/2017\/06\/24\/pohadkovy-den-sumavous-240617-13-300x169.jpg 300w, https:\/\/zakrasnejsivimperk.cz\/wp-content\/uploads\/2017\/06\/24\/pohadkovy-den-sumavous-240617-13-768x433.jpg 768w, https:\/\/zakrasnejsivimperk.cz\/wp-content\/uploads\/2017\/06\/24\/pohadkovy-den-sumavous-240617-13-1024x577.jpg 1024w, https:\/\/zakrasnejsivimperk.cz\/wp-content\/uploads\/2017\/06\/24\/pohadkovy-den-sumavous-240617-13-634x357.jpg 634w, https:\/\/zakrasnejsivimperk.cz\/wp-content\/uploads\/2017\/06\/24\/pohadkovy-den-sumavous-240617-13-858x483.jpg 858w, https:\/\/zakrasnejsivimperk.cz\/wp-content\/uploads\/2017\/06\/24\/pohadkovy-den-sumavous-240617-13.jpg 1440w\" sizes=\"(max-width: 300px) 100vw, 300px\" \/><\/a>\n\t\t\t<\/div><\/figure><figure class='gallery-item'>\n\t\t\t<div class='gallery-icon landscape'>\n\t\t\t\t<a href='https:\/\/zakrasnejsivimperk.cz\/?attachment_id=101517'><img loading=\"lazy\" decoding=\"async\" width=\"300\" height=\"169\" src=\"https:\/\/zakrasnejsivimperk.cz\/wp-content\/uploads\/2017\/06\/24\/pohadkovy-den-sumavous-240617-14-300x169.jpg\" class=\"attachment-medium size-medium\" alt=\"\" srcset=\"https:\/\/zakrasnejsivimperk.cz\/wp-content\/uploads\/2017\/06\/24\/pohadkovy-den-sumavous-240617-14-300x169.jpg 300w, https:\/\/zakrasnejsivimperk.cz\/wp-content\/uploads\/2017\/06\/24\/pohadkovy-den-sumavous-240617-14-768x433.jpg 768w, https:\/\/zakrasnejsivimperk.cz\/wp-content\/uploads\/2017\/06\/24\/pohadkovy-den-sumavous-240617-14-1024x577.jpg 1024w, https:\/\/zakrasnejsivimperk.cz\/wp-content\/uploads\/2017\/06\/24\/pohadkovy-den-sumavous-240617-14-634x357.jpg 634w, https:\/\/zakrasnejsivimperk.cz\/wp-content\/uploads\/2017\/06\/24\/pohadkovy-den-sumavous-240617-14-858x483.jpg 858w, https:\/\/zakrasnejsivimperk.cz\/wp-content\/uploads\/2017\/06\/24\/pohadkovy-den-sumavous-240617-14.jpg 1440w\" sizes=\"(max-width: 300px) 100vw, 300px\" \/><\/a>\n\t\t\t<\/div><\/figure><figure class='gallery-item'>\n\t\t\t<div class='gallery-icon landscape'>\n\t\t\t\t<a href='https:\/\/zakrasnejsivimperk.cz\/?attachment_id=101518'><img loading=\"lazy\" decoding=\"async\" width=\"300\" height=\"169\" src=\"https:\/\/zakrasnejsivimperk.cz\/wp-content\/uploads\/2017\/06\/24\/pohadkovy-den-sumavous-240617-15-300x169.jpg\" class=\"attachment-medium size-medium\" alt=\"\" srcset=\"https:\/\/zakrasnejsivimperk.cz\/wp-content\/uploads\/2017\/06\/24\/pohadkovy-den-sumavous-240617-15-300x169.jpg 300w, https:\/\/zakrasnejsivimperk.cz\/wp-content\/uploads\/2017\/06\/24\/pohadkovy-den-sumavous-240617-15-768x433.jpg 768w, https:\/\/zakrasnejsivimperk.cz\/wp-content\/uploads\/2017\/06\/24\/pohadkovy-den-sumavous-240617-15-1024x577.jpg 1024w, https:\/\/zakrasnejsivimperk.cz\/wp-content\/uploads\/2017\/06\/24\/pohadkovy-den-sumavous-240617-15-634x357.jpg 634w, https:\/\/zakrasnejsivimperk.cz\/wp-content\/uploads\/2017\/06\/24\/pohadkovy-den-sumavous-240617-15-858x483.jpg 858w, https:\/\/zakrasnejsivimperk.cz\/wp-content\/uploads\/2017\/06\/24\/pohadkovy-den-sumavous-240617-15.jpg 1440w\" sizes=\"(max-width: 300px) 100vw, 300px\" \/><\/a>\n\t\t\t<\/div><\/figure><figure class='gallery-item'>\n\t\t\t<div class='gallery-icon landscape'>\n\t\t\t\t<a href='https:\/\/zakrasnejsivimperk.cz\/?attachment_id=101519'><img loading=\"lazy\" decoding=\"async\" width=\"300\" height=\"169\" src=\"https:\/\/zakrasnejsivimperk.cz\/wp-content\/uploads\/2017\/06\/24\/pohadkovy-den-sumavous-240617-16-300x169.jpg\" class=\"attachment-medium size-medium\" alt=\"\" srcset=\"https:\/\/zakrasnejsivimperk.cz\/wp-content\/uploads\/2017\/06\/24\/pohadkovy-den-sumavous-240617-16-300x169.jpg 300w, https:\/\/zakrasnejsivimperk.cz\/wp-content\/uploads\/2017\/06\/24\/pohadkovy-den-sumavous-240617-16-768x433.jpg 768w, https:\/\/zakrasnejsivimperk.cz\/wp-content\/uploads\/2017\/06\/24\/pohadkovy-den-sumavous-240617-16-1024x577.jpg 1024w, https:\/\/zakrasnejsivimperk.cz\/wp-content\/uploads\/2017\/06\/24\/pohadkovy-den-sumavous-240617-16-634x357.jpg 634w, https:\/\/zakrasnejsivimperk.cz\/wp-content\/uploads\/2017\/06\/24\/pohadkovy-den-sumavous-240617-16-858x483.jpg 858w, https:\/\/zakrasnejsivimperk.cz\/wp-content\/uploads\/2017\/06\/24\/pohadkovy-den-sumavous-240617-16.jpg 1440w\" sizes=\"(max-width: 300px) 100vw, 300px\" \/><\/a>\n\t\t\t<\/div><\/figure><figure class='gallery-item'>\n\t\t\t<div class='gallery-icon landscape'>\n\t\t\t\t<a href='https:\/\/zakrasnejsivimperk.cz\/?attachment_id=101520'><img loading=\"lazy\" decoding=\"async\" width=\"300\" height=\"169\" src=\"https:\/\/zakrasnejsivimperk.cz\/wp-content\/uploads\/2017\/06\/24\/pohadkovy-den-sumavous-240617-17-300x169.jpg\" class=\"attachment-medium size-medium\" alt=\"\" srcset=\"https:\/\/zakrasnejsivimperk.cz\/wp-content\/uploads\/2017\/06\/24\/pohadkovy-den-sumavous-240617-17-300x169.jpg 300w, https:\/\/zakrasnejsivimperk.cz\/wp-content\/uploads\/2017\/06\/24\/pohadkovy-den-sumavous-240617-17-768x433.jpg 768w, https:\/\/zakrasnejsivimperk.cz\/wp-content\/uploads\/2017\/06\/24\/pohadkovy-den-sumavous-240617-17-1024x577.jpg 1024w, https:\/\/zakrasnejsivimperk.cz\/wp-content\/uploads\/2017\/06\/24\/pohadkovy-den-sumavous-240617-17-634x357.jpg 634w, https:\/\/zakrasnejsivimperk.cz\/wp-content\/uploads\/2017\/06\/24\/pohadkovy-den-sumavous-240617-17-858x483.jpg 858w, https:\/\/zakrasnejsivimperk.cz\/wp-content\/uploads\/2017\/06\/24\/pohadkovy-den-sumavous-240617-17.jpg 1440w\" sizes=\"(max-width: 300px) 100vw, 300px\" \/><\/a>\n\t\t\t<\/div><\/figure><figure class='gallery-item'>\n\t\t\t<div class='gallery-icon landscape'>\n\t\t\t\t<a href='https:\/\/zakrasnejsivimperk.cz\/?attachment_id=101521'><img loading=\"lazy\" decoding=\"async\" width=\"300\" height=\"169\" src=\"https:\/\/zakrasnejsivimperk.cz\/wp-content\/uploads\/2017\/06\/24\/pohadkovy-den-sumavous-240617-18-300x169.jpg\" class=\"attachment-medium size-medium\" alt=\"\" srcset=\"https:\/\/zakrasnejsivimperk.cz\/wp-content\/uploads\/2017\/06\/24\/pohadkovy-den-sumavous-240617-18-300x169.jpg 300w, https:\/\/zakrasnejsivimperk.cz\/wp-content\/uploads\/2017\/06\/24\/pohadkovy-den-sumavous-240617-18-768x433.jpg 768w, https:\/\/zakrasnejsivimperk.cz\/wp-content\/uploads\/2017\/06\/24\/pohadkovy-den-sumavous-240617-18-1024x577.jpg 1024w, https:\/\/zakrasnejsivimperk.cz\/wp-content\/uploads\/2017\/06\/24\/pohadkovy-den-sumavous-240617-18-634x357.jpg 634w, https:\/\/zakrasnejsivimperk.cz\/wp-content\/uploads\/2017\/06\/24\/pohadkovy-den-sumavous-240617-18-858x483.jpg 858w, https:\/\/zakrasnejsivimperk.cz\/wp-content\/uploads\/2017\/06\/24\/pohadkovy-den-sumavous-240617-18.jpg 1440w\" sizes=\"(max-width: 300px) 100vw, 300px\" \/><\/a>\n\t\t\t<\/div><\/figure><figure class='gallery-item'>\n\t\t\t<div class='gallery-icon landscape'>\n\t\t\t\t<a href='https:\/\/zakrasnejsivimperk.cz\/?attachment_id=101522'><img loading=\"lazy\" decoding=\"async\" width=\"300\" height=\"169\" src=\"https:\/\/zakrasnejsivimperk.cz\/wp-content\/uploads\/2017\/06\/24\/pohadkovy-den-sumavous-240617-19-300x169.jpg\" class=\"attachment-medium size-medium\" alt=\"\" srcset=\"https:\/\/zakrasnejsivimperk.cz\/wp-content\/uploads\/2017\/06\/24\/pohadkovy-den-sumavous-240617-19-300x169.jpg 300w, https:\/\/zakrasnejsivimperk.cz\/wp-content\/uploads\/2017\/06\/24\/pohadkovy-den-sumavous-240617-19-768x433.jpg 768w, https:\/\/zakrasnejsivimperk.cz\/wp-content\/uploads\/2017\/06\/24\/pohadkovy-den-sumavous-240617-19-1024x577.jpg 1024w, https:\/\/zakrasnejsivimperk.cz\/wp-content\/uploads\/2017\/06\/24\/pohadkovy-den-sumavous-240617-19-634x357.jpg 634w, https:\/\/zakrasnejsivimperk.cz\/wp-content\/uploads\/2017\/06\/24\/pohadkovy-den-sumavous-240617-19-858x483.jpg 858w, https:\/\/zakrasnejsivimperk.cz\/wp-content\/uploads\/2017\/06\/24\/pohadkovy-den-sumavous-240617-19.jpg 1440w\" sizes=\"(max-width: 300px) 100vw, 300px\" \/><\/a>\n\t\t\t<\/div><\/figure><figure class='gallery-item'>\n\t\t\t<div class='gallery-icon landscape'>\n\t\t\t\t<a href='https:\/\/zakrasnejsivimperk.cz\/?attachment_id=101523'><img loading=\"lazy\" decoding=\"async\" width=\"300\" height=\"169\" src=\"https:\/\/zakrasnejsivimperk.cz\/wp-content\/uploads\/2017\/06\/24\/pohadkovy-den-sumavous-240617-20-300x169.jpg\" class=\"attachment-medium size-medium\" alt=\"\" srcset=\"https:\/\/zakrasnejsivimperk.cz\/wp-content\/uploads\/2017\/06\/24\/pohadkovy-den-sumavous-240617-20-300x169.jpg 300w, https:\/\/zakrasnejsivimperk.cz\/wp-content\/uploads\/2017\/06\/24\/pohadkovy-den-sumavous-240617-20-768x433.jpg 768w, https:\/\/zakrasnejsivimperk.cz\/wp-content\/uploads\/2017\/06\/24\/pohadkovy-den-sumavous-240617-20-1024x577.jpg 1024w, https:\/\/zakrasnejsivimperk.cz\/wp-content\/uploads\/2017\/06\/24\/pohadkovy-den-sumavous-240617-20-634x357.jpg 634w, https:\/\/zakrasnejsivimperk.cz\/wp-content\/uploads\/2017\/06\/24\/pohadkovy-den-sumavous-240617-20-858x483.jpg 858w, https:\/\/zakrasnejsivimperk.cz\/wp-content\/uploads\/2017\/06\/24\/pohadkovy-den-sumavous-240617-20.jpg 1440w\" sizes=\"(max-width: 300px) 100vw, 300px\" \/><\/a>\n\t\t\t<\/div><\/figure><figure class='gallery-item'>\n\t\t\t<div class='gallery-icon landscape'>\n\t\t\t\t<a href='https:\/\/zakrasnejsivimperk.cz\/?attachment_id=101524'><img loading=\"lazy\" decoding=\"async\" width=\"300\" height=\"169\" src=\"https:\/\/zakrasnejsivimperk.cz\/wp-content\/uploads\/2017\/06\/24\/pohadkovy-den-sumavous-240617-21-300x169.jpg\" class=\"attachment-medium size-medium\" alt=\"\" srcset=\"https:\/\/zakrasnejsivimperk.cz\/wp-content\/uploads\/2017\/06\/24\/pohadkovy-den-sumavous-240617-21-300x169.jpg 300w, https:\/\/zakrasnejsivimperk.cz\/wp-content\/uploads\/2017\/06\/24\/pohadkovy-den-sumavous-240617-21-768x433.jpg 768w, https:\/\/zakrasnejsivimperk.cz\/wp-content\/uploads\/2017\/06\/24\/pohadkovy-den-sumavous-240617-21-1024x577.jpg 1024w, https:\/\/zakrasnejsivimperk.cz\/wp-content\/uploads\/2017\/06\/24\/pohadkovy-den-sumavous-240617-21-634x357.jpg 634w, https:\/\/zakrasnejsivimperk.cz\/wp-content\/uploads\/2017\/06\/24\/pohadkovy-den-sumavous-240617-21-858x483.jpg 858w, https:\/\/zakrasnejsivimperk.cz\/wp-content\/uploads\/2017\/06\/24\/pohadkovy-den-sumavous-240617-21.jpg 1440w\" sizes=\"(max-width: 300px) 100vw, 300px\" \/><\/a>\n\t\t\t<\/div><\/figure><figure class='gallery-item'>\n\t\t\t<div class='gallery-icon landscape'>\n\t\t\t\t<a href='https:\/\/zakrasnejsivimperk.cz\/?attachment_id=101525'><img loading=\"lazy\" decoding=\"async\" width=\"300\" height=\"169\" src=\"https:\/\/zakrasnejsivimperk.cz\/wp-content\/uploads\/2017\/06\/24\/pohadkovy-den-sumavous-240617-22-300x169.jpg\" class=\"attachment-medium size-medium\" alt=\"\" srcset=\"https:\/\/zakrasnejsivimperk.cz\/wp-content\/uploads\/2017\/06\/24\/pohadkovy-den-sumavous-240617-22-300x169.jpg 300w, https:\/\/zakrasnejsivimperk.cz\/wp-content\/uploads\/2017\/06\/24\/pohadkovy-den-sumavous-240617-22-768x433.jpg 768w, https:\/\/zakrasnejsivimperk.cz\/wp-content\/uploads\/2017\/06\/24\/pohadkovy-den-sumavous-240617-22-1024x577.jpg 1024w, https:\/\/zakrasnejsivimperk.cz\/wp-content\/uploads\/2017\/06\/24\/pohadkovy-den-sumavous-240617-22-634x357.jpg 634w, https:\/\/zakrasnejsivimperk.cz\/wp-content\/uploads\/2017\/06\/24\/pohadkovy-den-sumavous-240617-22-858x483.jpg 858w, https:\/\/zakrasnejsivimperk.cz\/wp-content\/uploads\/2017\/06\/24\/pohadkovy-den-sumavous-240617-22.jpg 1440w\" sizes=\"(max-width: 300px) 100vw, 300px\" \/><\/a>\n\t\t\t<\/div><\/figure><figure class='gallery-item'>\n\t\t\t<div class='gallery-icon landscape'>\n\t\t\t\t<a href='https:\/\/zakrasnejsivimperk.cz\/?attachment_id=101526'><img loading=\"lazy\" decoding=\"async\" width=\"300\" height=\"169\" src=\"https:\/\/zakrasnejsivimperk.cz\/wp-content\/uploads\/2017\/06\/24\/pohadkovy-den-sumavous-240617-23-300x169.jpg\" class=\"attachment-medium size-medium\" alt=\"\" srcset=\"https:\/\/zakrasnejsivimperk.cz\/wp-content\/uploads\/2017\/06\/24\/pohadkovy-den-sumavous-240617-23-300x169.jpg 300w, https:\/\/zakrasnejsivimperk.cz\/wp-content\/uploads\/2017\/06\/24\/pohadkovy-den-sumavous-240617-23-768x433.jpg 768w, https:\/\/zakrasnejsivimperk.cz\/wp-content\/uploads\/2017\/06\/24\/pohadkovy-den-sumavous-240617-23-1024x577.jpg 1024w, https:\/\/zakrasnejsivimperk.cz\/wp-content\/uploads\/2017\/06\/24\/pohadkovy-den-sumavous-240617-23-634x357.jpg 634w, https:\/\/zakrasnejsivimperk.cz\/wp-content\/uploads\/2017\/06\/24\/pohadkovy-den-sumavous-240617-23-858x483.jpg 858w, https:\/\/zakrasnejsivimperk.cz\/wp-content\/uploads\/2017\/06\/24\/pohadkovy-den-sumavous-240617-23.jpg 1440w\" sizes=\"(max-width: 300px) 100vw, 300px\" \/><\/a>\n\t\t\t<\/div><\/figure><figure class='gallery-item'>\n\t\t\t<div class='gallery-icon landscape'>\n\t\t\t\t<a href='https:\/\/zakrasnejsivimperk.cz\/?attachment_id=101527'><img loading=\"lazy\" decoding=\"async\" width=\"300\" height=\"169\" src=\"https:\/\/zakrasnejsivimperk.cz\/wp-content\/uploads\/2017\/06\/24\/pohadkovy-den-sumavous-240617-24-300x169.jpg\" class=\"attachment-medium size-medium\" alt=\"\" srcset=\"https:\/\/zakrasnejsivimperk.cz\/wp-content\/uploads\/2017\/06\/24\/pohadkovy-den-sumavous-240617-24-300x169.jpg 300w, https:\/\/zakrasnejsivimperk.cz\/wp-content\/uploads\/2017\/06\/24\/pohadkovy-den-sumavous-240617-24-768x433.jpg 768w, https:\/\/zakrasnejsivimperk.cz\/wp-content\/uploads\/2017\/06\/24\/pohadkovy-den-sumavous-240617-24-1024x577.jpg 1024w, https:\/\/zakrasnejsivimperk.cz\/wp-content\/uploads\/2017\/06\/24\/pohadkovy-den-sumavous-240617-24-634x357.jpg 634w, https:\/\/zakrasnejsivimperk.cz\/wp-content\/uploads\/2017\/06\/24\/pohadkovy-den-sumavous-240617-24-858x483.jpg 858w, https:\/\/zakrasnejsivimperk.cz\/wp-content\/uploads\/2017\/06\/24\/pohadkovy-den-sumavous-240617-24.jpg 1440w\" sizes=\"(max-width: 300px) 100vw, 300px\" \/><\/a>\n\t\t\t<\/div><\/figure><figure class='gallery-item'>\n\t\t\t<div class='gallery-icon landscape'>\n\t\t\t\t<a href='https:\/\/zakrasnejsivimperk.cz\/?attachment_id=101528'><img loading=\"lazy\" decoding=\"async\" width=\"300\" height=\"169\" src=\"https:\/\/zakrasnejsivimperk.cz\/wp-content\/uploads\/2017\/06\/24\/pohadkovy-den-sumavous-240617-25-300x169.jpg\" class=\"attachment-medium size-medium\" alt=\"\" srcset=\"https:\/\/zakrasnejsivimperk.cz\/wp-content\/uploads\/2017\/06\/24\/pohadkovy-den-sumavous-240617-25-300x169.jpg 300w, https:\/\/zakrasnejsivimperk.cz\/wp-content\/uploads\/2017\/06\/24\/pohadkovy-den-sumavous-240617-25-768x433.jpg 768w, https:\/\/zakrasnejsivimperk.cz\/wp-content\/uploads\/2017\/06\/24\/pohadkovy-den-sumavous-240617-25-1024x577.jpg 1024w, https:\/\/zakrasnejsivimperk.cz\/wp-content\/uploads\/2017\/06\/24\/pohadkovy-den-sumavous-240617-25-634x357.jpg 634w, https:\/\/zakrasnejsivimperk.cz\/wp-content\/uploads\/2017\/06\/24\/pohadkovy-den-sumavous-240617-25-858x483.jpg 858w, https:\/\/zakrasnejsivimperk.cz\/wp-content\/uploads\/2017\/06\/24\/pohadkovy-den-sumavous-240617-25.jpg 1440w\" sizes=\"(max-width: 300px) 100vw, 300px\" \/><\/a>\n\t\t\t<\/div><\/figure><figure class='gallery-item'>\n\t\t\t<div class='gallery-icon landscape'>\n\t\t\t\t<a href='https:\/\/zakrasnejsivimperk.cz\/?attachment_id=101529'><img loading=\"lazy\" decoding=\"async\" width=\"300\" height=\"169\" src=\"https:\/\/zakrasnejsivimperk.cz\/wp-content\/uploads\/2017\/06\/24\/pohadkovy-den-sumavous-240617-26-300x169.jpg\" class=\"attachment-medium size-medium\" alt=\"\" srcset=\"https:\/\/zakrasnejsivimperk.cz\/wp-content\/uploads\/2017\/06\/24\/pohadkovy-den-sumavous-240617-26-300x169.jpg 300w, https:\/\/zakrasnejsivimperk.cz\/wp-content\/uploads\/2017\/06\/24\/pohadkovy-den-sumavous-240617-26-768x433.jpg 768w, https:\/\/zakrasnejsivimperk.cz\/wp-content\/uploads\/2017\/06\/24\/pohadkovy-den-sumavous-240617-26-1024x577.jpg 1024w, https:\/\/zakrasnejsivimperk.cz\/wp-content\/uploads\/2017\/06\/24\/pohadkovy-den-sumavous-240617-26-634x357.jpg 634w, https:\/\/zakrasnejsivimperk.cz\/wp-content\/uploads\/2017\/06\/24\/pohadkovy-den-sumavous-240617-26-858x483.jpg 858w, https:\/\/zakrasnejsivimperk.cz\/wp-content\/uploads\/2017\/06\/24\/pohadkovy-den-sumavous-240617-26.jpg 1440w\" sizes=\"(max-width: 300px) 100vw, 300px\" \/><\/a>\n\t\t\t<\/div><\/figure>\n\t\t<\/div>\n\n<p>&nbsp;<\/p>\n","protected":false},"excerpt":{"rendered":"<p>&nbsp; &nbsp;<\/p>\n","protected":false},"author":2,"featured_media":101531,"comment_status":"open","ping_status":"open","sticky":false,"template":"","format":"gallery","meta":{"footnotes":""},"categories":[26],"tags":[],"jetpack_featured_media_url":"https:\/\/zakrasnejsivimperk.cz\/wp-content\/uploads\/2017\/06\/24\/titul-pohadkovy-den.jpg","_links":{"self":[{"href":"https:\/\/zakrasnejsivimperk.cz\/index.php?rest_route=\/wp\/v2\/posts\/101505"}],"collection":[{"href":"https:\/\/zakrasnejsivimperk.cz\/index.php?rest_route=\/wp\/v2\/posts"}],"about":[{"href":"https:\/\/zakrasnejsivimperk.cz\/index.php?rest_route=\/wp\/v2\/types\/post"}],"author":[{"embeddable":true,"href":"https:\/\/zakrasnejsivimperk.cz\/index.php?rest_route=\/wp\/v2\/users\/2"}],"replies":[{"embeddable":true,"href":"https:\/\/zakrasnejsivimperk.cz\/index.php?rest_route=%2Fwp%2Fv2%2Fcomments&post=101505"}],"version-history":[{"count":1,"href":"https:\/\/zakrasnejsivimperk.cz\/index.php?rest_route=\/wp\/v2\/posts\/101505\/revisions"}],"predecessor-version":[{"id":101530,"href":"https:\/\/zakrasnejsivimperk.cz\/index.php?rest_route=\/wp\/v2\/posts\/101505\/revisions\/101530"}],"wp:featuredmedia":[{"embeddable":true,"href":"https:\/\/zakrasnejsivimperk.cz\/index.php?rest_route=\/wp\/v2\/media\/101531"}],"wp:attachment":[{"href":"https:\/\/zakrasnejsivimperk.cz\/index.php?rest_route=%2Fwp%2Fv2%2Fmedia&parent=101505"}],"wp:term":[{"taxonomy":"category","embeddable":true,"href":"https:\/\/zakrasnejsivimperk.cz\/index.php?rest_route=%2Fwp%2Fv2%2Fcategories&post=101505"},{"taxonomy":"post_tag","embeddable":true,"href":"https:\/\/zakrasnejsivimperk.cz\/index.php?rest_route=%2Fwp%2Fv2%2Ftags&post=101505"}],"curies":[{"name":"wp","href":"https:\/\/api.w.org\/{rel}","templated":true}]}}