{"id":100455,"date":"2017-06-14T06:36:03","date_gmt":"2017-06-14T05:36:03","guid":{"rendered":"http:\/\/zakrasnejsivimperk.cz\/?p=100455"},"modified":"2017-07-20T14:31:35","modified_gmt":"2017-07-20T13:31:35","slug":"fotogalerie-ohlednuti-za-uterni-navstevou-prezidenta-republiky-milose-zemana-ve-vimperku","status":"publish","type":"post","link":"https:\/\/zakrasnejsivimperk.cz\/?p=100455","title":{"rendered":"FOTOGALERIE: Ohl\u00e9dnut\u00ed za \u00fatern\u00ed n\u00e1v\u0161t\u011bvou prezidenta republiky Milo\u0161e Zemana ve Vimperku"},"content":{"rendered":"<p><img loading=\"lazy\" decoding=\"async\" class=\"aligncenter wp-image-100495 size-full\" src=\"http:\/\/zakrasnejsivimperk.cz\/wp-content\/uploads\/2017\/06\/14\/prezident-ve-vimperku-2-40.jpg\" alt=\"\" width=\"800\" height=\"532\" srcset=\"https:\/\/zakrasnejsivimperk.cz\/wp-content\/uploads\/2017\/06\/14\/prezident-ve-vimperku-2-40.jpg 800w, https:\/\/zakrasnejsivimperk.cz\/wp-content\/uploads\/2017\/06\/14\/prezident-ve-vimperku-2-40-300x200.jpg 300w, https:\/\/zakrasnejsivimperk.cz\/wp-content\/uploads\/2017\/06\/14\/prezident-ve-vimperku-2-40-768x511.jpg 768w, https:\/\/zakrasnejsivimperk.cz\/wp-content\/uploads\/2017\/06\/14\/prezident-ve-vimperku-2-40-537x357.jpg 537w, https:\/\/zakrasnejsivimperk.cz\/wp-content\/uploads\/2017\/06\/14\/prezident-ve-vimperku-2-40-726x483.jpg 726w\" sizes=\"(max-width: 800px) 100vw, 800px\" \/><\/p>\n<h6 style=\"text-align: center;\">Vimperk, 13. \u010dervna 2017<\/h6>\n<h6 style=\"text-align: center;\">Foto: Stanislav HUB\u00c1\u010cEK<\/h6>\n<p><strong>Psali a fotili jsme tak\u00e9:<\/strong><\/p>\n<h6 class=\"entry-title\"><a title=\"OD NA\u0160ICH \u010cTEN\u00c1\u0158\u016e: Ohl\u00e9dnut\u00ed za n\u00e1v\u0161t\u011bvou prezidenta republiky Milo\u0161e Zemana v na\u0161em m\u011bst\u011b\" href=\"http:\/\/zakrasnejsivimperk.cz\/?p=100534\" target=\"_blank\" rel=\"bookmark noopener noreferrer\">OD NA\u0160ICH \u010cTEN\u00c1\u0158\u016e: Ohl\u00e9dnut\u00ed za n\u00e1v\u0161t\u011bvou prezidenta republiky Milo\u0161e Zemana v na\u0161em m\u011bst\u011b<\/a><\/h6>\n<h6 class=\"entry-title\"><a title=\"N\u00c1V\u0160T\u011aVA PREZIDENTA: Zastupitel\u00e9 z opozice nep\u0159i\u0161li. Je to trapn\u00e9 a ostudn\u00e9, \u0159\u00edk\u00e1 Zden\u011bk Kutil\" href=\"http:\/\/zakrasnejsivimperk.cz\/?p=100501\" target=\"_blank\" rel=\"bookmark noopener noreferrer\">N\u00c1V\u0160T\u011aVA PREZIDENTA: Zastupitel\u00e9 z opozice nep\u0159i\u0161li. Je to trapn\u00e9 a ostudn\u00e9, \u0159\u00edk\u00e1 Zden\u011bk Kutil<\/a><\/h6>\n<h6 class=\"entry-title\"><a title=\"AKTU\u00c1LN\u011a OBRAZEM: Vimperk nav\u0161t\u00edvil prezident \u010cesk\u00e9 republiky Milo\u0161 Zeman, besedoval s ob\u010dany\" href=\"http:\/\/zakrasnejsivimperk.cz\/?p=100420\" target=\"_blank\" rel=\"bookmark noopener noreferrer\">AKTU\u00c1LN\u011a OBRAZEM: Vimperk nav\u0161t\u00edvil prezident \u010cesk\u00e9 republiky Milo\u0161 Zeman, besedoval s ob\u010dany<\/a><\/h6>\n<h6 class=\"entry-title\"><a title=\"AKTU\u00c1LN\u011a OBRAZEM: Vimperk nav\u0161t\u00edvil prezident \u010cesk\u00e9 republiky Milo\u0161 Zeman, besedoval s ob\u010dany\" href=\"http:\/\/zakrasnejsivimperk.cz\/?p=100401\" target=\"_blank\" rel=\"bookmark noopener noreferrer\">AKTU\u00c1LN\u011a OBRAZEM: Vimperk nav\u0161t\u00edvil prezident \u010cesk\u00e9 republiky Milo\u0161 Zeman, besedoval s ob\u010dany<\/a><\/h6>\n<h6 class=\"entry-title\"><a title=\"\u010cESK\u00c9 BUD\u011aJOVICE: Hejtmanka Ivana Str\u00e1sk\u00e1 v\u011bnovala prezidentu Milo\u0161i Zemanovi ryb\u00e1\u0159sk\u00e9 n\u00e1\u010din\u00ed\" href=\"http:\/\/zakrasnejsivimperk.cz\/?p=100337\" target=\"_blank\" rel=\"bookmark noopener noreferrer\">\u010cESK\u00c9 BUD\u011aJOVICE: Hejtmanka Ivana Str\u00e1sk\u00e1 v\u011bnovala prezidentu Milo\u0161i Zemanovi ryb\u00e1\u0159sk\u00e9 n\u00e1\u010din\u00ed<\/a><\/h6>\n<h6 class=\"entry-title\"><a title=\"N\u00c1V\u0160T\u011aVA: Prezident Milo\u0161 Zeman p\u0159ijede v \u00fater\u00fd 13. \u010dervna odpoledne na setk\u00e1n\u00ed s ob\u010dany Vimperka\" href=\"http:\/\/zakrasnejsivimperk.cz\/?p=100176\" target=\"_blank\" rel=\"bookmark noopener noreferrer\">N\u00c1V\u0160T\u011aVA: Prezident Milo\u0161 Zeman p\u0159ijede v \u00fater\u00fd 13. \u010dervna odpoledne na setk\u00e1n\u00ed s ob\u010dany Vimperka<\/a><\/h6>\n<h6 class=\"entry-title\"><a title=\"DEN\u00cdK \u2013 AKTUALIZOV\u00c1NO: Milo\u0161 Zeman je t\u0159et\u00edm prezidentem, kter\u00fd nav\u0161t\u00edv\u00ed Vimperk, dnes odpoledne\" href=\"http:\/\/zakrasnejsivimperk.cz\/?p=100387\" target=\"_blank\" rel=\"bookmark noopener noreferrer\">DEN\u00cdK \u2013 AKTUALIZOV\u00c1NO: Milo\u0161 Zeman je t\u0159et\u00edm prezidentem, kter\u00fd nav\u0161t\u00edv\u00ed Vimperk, dnes odpoledne<\/a><\/h6>\n<div id='gallery-1' class='gallery galleryid-100455 gallery-columns-3 gallery-size-medium'><figure class='gallery-item'>\n\t\t\t<div class='gallery-icon landscape'>\n\t\t\t\t<a href='https:\/\/zakrasnejsivimperk.cz\/?attachment_id=100456'><img loading=\"lazy\" decoding=\"async\" width=\"300\" height=\"200\" src=\"https:\/\/zakrasnejsivimperk.cz\/wp-content\/uploads\/2017\/06\/14\/prezident-ve-vimperku-2-1-300x200.jpg\" class=\"attachment-medium size-medium\" alt=\"\" srcset=\"https:\/\/zakrasnejsivimperk.cz\/wp-content\/uploads\/2017\/06\/14\/prezident-ve-vimperku-2-1-300x200.jpg 300w, https:\/\/zakrasnejsivimperk.cz\/wp-content\/uploads\/2017\/06\/14\/prezident-ve-vimperku-2-1-768x511.jpg 768w, https:\/\/zakrasnejsivimperk.cz\/wp-content\/uploads\/2017\/06\/14\/prezident-ve-vimperku-2-1-537x357.jpg 537w, https:\/\/zakrasnejsivimperk.cz\/wp-content\/uploads\/2017\/06\/14\/prezident-ve-vimperku-2-1-726x483.jpg 726w, https:\/\/zakrasnejsivimperk.cz\/wp-content\/uploads\/2017\/06\/14\/prezident-ve-vimperku-2-1.jpg 800w\" sizes=\"(max-width: 300px) 100vw, 300px\" \/><\/a>\n\t\t\t<\/div><\/figure><figure class='gallery-item'>\n\t\t\t<div class='gallery-icon landscape'>\n\t\t\t\t<a href='https:\/\/zakrasnejsivimperk.cz\/?attachment_id=100457'><img loading=\"lazy\" decoding=\"async\" width=\"300\" height=\"199\" src=\"https:\/\/zakrasnejsivimperk.cz\/wp-content\/uploads\/2017\/06\/14\/prezident-ve-vimperku-2-2-300x199.jpg\" class=\"attachment-medium size-medium\" alt=\"\" srcset=\"https:\/\/zakrasnejsivimperk.cz\/wp-content\/uploads\/2017\/06\/14\/prezident-ve-vimperku-2-2-300x199.jpg 300w, https:\/\/zakrasnejsivimperk.cz\/wp-content\/uploads\/2017\/06\/14\/prezident-ve-vimperku-2-2-768x510.jpg 768w, https:\/\/zakrasnejsivimperk.cz\/wp-content\/uploads\/2017\/06\/14\/prezident-ve-vimperku-2-2-100x65.jpg 100w, https:\/\/zakrasnejsivimperk.cz\/wp-content\/uploads\/2017\/06\/14\/prezident-ve-vimperku-2-2-538x357.jpg 538w, https:\/\/zakrasnejsivimperk.cz\/wp-content\/uploads\/2017\/06\/14\/prezident-ve-vimperku-2-2-728x483.jpg 728w, https:\/\/zakrasnejsivimperk.cz\/wp-content\/uploads\/2017\/06\/14\/prezident-ve-vimperku-2-2.jpg 800w\" sizes=\"(max-width: 300px) 100vw, 300px\" \/><\/a>\n\t\t\t<\/div><\/figure><figure class='gallery-item'>\n\t\t\t<div class='gallery-icon landscape'>\n\t\t\t\t<a href='https:\/\/zakrasnejsivimperk.cz\/?attachment_id=100458'><img loading=\"lazy\" decoding=\"async\" width=\"300\" height=\"200\" src=\"https:\/\/zakrasnejsivimperk.cz\/wp-content\/uploads\/2017\/06\/14\/prezident-ve-vimperku-2-3-300x200.jpg\" class=\"attachment-medium size-medium\" alt=\"\" srcset=\"https:\/\/zakrasnejsivimperk.cz\/wp-content\/uploads\/2017\/06\/14\/prezident-ve-vimperku-2-3-300x200.jpg 300w, https:\/\/zakrasnejsivimperk.cz\/wp-content\/uploads\/2017\/06\/14\/prezident-ve-vimperku-2-3-768x511.jpg 768w, https:\/\/zakrasnejsivimperk.cz\/wp-content\/uploads\/2017\/06\/14\/prezident-ve-vimperku-2-3-537x357.jpg 537w, https:\/\/zakrasnejsivimperk.cz\/wp-content\/uploads\/2017\/06\/14\/prezident-ve-vimperku-2-3-726x483.jpg 726w, https:\/\/zakrasnejsivimperk.cz\/wp-content\/uploads\/2017\/06\/14\/prezident-ve-vimperku-2-3.jpg 800w\" sizes=\"(max-width: 300px) 100vw, 300px\" \/><\/a>\n\t\t\t<\/div><\/figure><figure class='gallery-item'>\n\t\t\t<div class='gallery-icon landscape'>\n\t\t\t\t<a href='https:\/\/zakrasnejsivimperk.cz\/?attachment_id=100459'><img loading=\"lazy\" decoding=\"async\" width=\"300\" height=\"200\" src=\"https:\/\/zakrasnejsivimperk.cz\/wp-content\/uploads\/2017\/06\/14\/prezident-ve-vimperku-2-4-300x200.jpg\" class=\"attachment-medium size-medium\" alt=\"\" srcset=\"https:\/\/zakrasnejsivimperk.cz\/wp-content\/uploads\/2017\/06\/14\/prezident-ve-vimperku-2-4-300x200.jpg 300w, https:\/\/zakrasnejsivimperk.cz\/wp-content\/uploads\/2017\/06\/14\/prezident-ve-vimperku-2-4-768x511.jpg 768w, https:\/\/zakrasnejsivimperk.cz\/wp-content\/uploads\/2017\/06\/14\/prezident-ve-vimperku-2-4-537x357.jpg 537w, https:\/\/zakrasnejsivimperk.cz\/wp-content\/uploads\/2017\/06\/14\/prezident-ve-vimperku-2-4-726x483.jpg 726w, https:\/\/zakrasnejsivimperk.cz\/wp-content\/uploads\/2017\/06\/14\/prezident-ve-vimperku-2-4.jpg 800w\" sizes=\"(max-width: 300px) 100vw, 300px\" \/><\/a>\n\t\t\t<\/div><\/figure><figure class='gallery-item'>\n\t\t\t<div class='gallery-icon landscape'>\n\t\t\t\t<a href='https:\/\/zakrasnejsivimperk.cz\/?attachment_id=100460'><img loading=\"lazy\" decoding=\"async\" width=\"300\" height=\"200\" src=\"https:\/\/zakrasnejsivimperk.cz\/wp-content\/uploads\/2017\/06\/14\/prezident-ve-vimperku-2-5-300x200.jpg\" class=\"attachment-medium size-medium\" alt=\"\" srcset=\"https:\/\/zakrasnejsivimperk.cz\/wp-content\/uploads\/2017\/06\/14\/prezident-ve-vimperku-2-5-300x200.jpg 300w, https:\/\/zakrasnejsivimperk.cz\/wp-content\/uploads\/2017\/06\/14\/prezident-ve-vimperku-2-5-768x511.jpg 768w, https:\/\/zakrasnejsivimperk.cz\/wp-content\/uploads\/2017\/06\/14\/prezident-ve-vimperku-2-5-537x357.jpg 537w, https:\/\/zakrasnejsivimperk.cz\/wp-content\/uploads\/2017\/06\/14\/prezident-ve-vimperku-2-5-726x483.jpg 726w, https:\/\/zakrasnejsivimperk.cz\/wp-content\/uploads\/2017\/06\/14\/prezident-ve-vimperku-2-5.jpg 800w\" sizes=\"(max-width: 300px) 100vw, 300px\" \/><\/a>\n\t\t\t<\/div><\/figure><figure class='gallery-item'>\n\t\t\t<div class='gallery-icon landscape'>\n\t\t\t\t<a href='https:\/\/zakrasnejsivimperk.cz\/?attachment_id=100461'><img loading=\"lazy\" decoding=\"async\" width=\"300\" height=\"200\" src=\"https:\/\/zakrasnejsivimperk.cz\/wp-content\/uploads\/2017\/06\/14\/prezident-ve-vimperku-2-6-300x200.jpg\" class=\"attachment-medium size-medium\" alt=\"\" srcset=\"https:\/\/zakrasnejsivimperk.cz\/wp-content\/uploads\/2017\/06\/14\/prezident-ve-vimperku-2-6-300x200.jpg 300w, https:\/\/zakrasnejsivimperk.cz\/wp-content\/uploads\/2017\/06\/14\/prezident-ve-vimperku-2-6-768x511.jpg 768w, https:\/\/zakrasnejsivimperk.cz\/wp-content\/uploads\/2017\/06\/14\/prezident-ve-vimperku-2-6-537x357.jpg 537w, https:\/\/zakrasnejsivimperk.cz\/wp-content\/uploads\/2017\/06\/14\/prezident-ve-vimperku-2-6-726x483.jpg 726w, https:\/\/zakrasnejsivimperk.cz\/wp-content\/uploads\/2017\/06\/14\/prezident-ve-vimperku-2-6.jpg 800w\" sizes=\"(max-width: 300px) 100vw, 300px\" \/><\/a>\n\t\t\t<\/div><\/figure><figure class='gallery-item'>\n\t\t\t<div class='gallery-icon landscape'>\n\t\t\t\t<a href='https:\/\/zakrasnejsivimperk.cz\/?attachment_id=100462'><img loading=\"lazy\" decoding=\"async\" width=\"300\" height=\"200\" src=\"https:\/\/zakrasnejsivimperk.cz\/wp-content\/uploads\/2017\/06\/14\/prezident-ve-vimperku-2-7-300x200.jpg\" class=\"attachment-medium size-medium\" alt=\"\" srcset=\"https:\/\/zakrasnejsivimperk.cz\/wp-content\/uploads\/2017\/06\/14\/prezident-ve-vimperku-2-7-300x200.jpg 300w, https:\/\/zakrasnejsivimperk.cz\/wp-content\/uploads\/2017\/06\/14\/prezident-ve-vimperku-2-7-768x511.jpg 768w, https:\/\/zakrasnejsivimperk.cz\/wp-content\/uploads\/2017\/06\/14\/prezident-ve-vimperku-2-7-537x357.jpg 537w, https:\/\/zakrasnejsivimperk.cz\/wp-content\/uploads\/2017\/06\/14\/prezident-ve-vimperku-2-7-726x483.jpg 726w, https:\/\/zakrasnejsivimperk.cz\/wp-content\/uploads\/2017\/06\/14\/prezident-ve-vimperku-2-7.jpg 800w\" sizes=\"(max-width: 300px) 100vw, 300px\" \/><\/a>\n\t\t\t<\/div><\/figure><figure class='gallery-item'>\n\t\t\t<div class='gallery-icon portrait'>\n\t\t\t\t<a href='https:\/\/zakrasnejsivimperk.cz\/?attachment_id=100463'><img loading=\"lazy\" decoding=\"async\" width=\"200\" height=\"300\" src=\"https:\/\/zakrasnejsivimperk.cz\/wp-content\/uploads\/2017\/06\/14\/prezident-ve-vimperku-2-8-200x300.jpg\" class=\"attachment-medium size-medium\" alt=\"\" srcset=\"https:\/\/zakrasnejsivimperk.cz\/wp-content\/uploads\/2017\/06\/14\/prezident-ve-vimperku-2-8-200x300.jpg 200w, https:\/\/zakrasnejsivimperk.cz\/wp-content\/uploads\/2017\/06\/14\/prezident-ve-vimperku-2-8-237x357.jpg 237w, https:\/\/zakrasnejsivimperk.cz\/wp-content\/uploads\/2017\/06\/14\/prezident-ve-vimperku-2-8-321x483.jpg 321w, https:\/\/zakrasnejsivimperk.cz\/wp-content\/uploads\/2017\/06\/14\/prezident-ve-vimperku-2-8.jpg 532w\" sizes=\"(max-width: 200px) 100vw, 200px\" \/><\/a>\n\t\t\t<\/div><\/figure><figure class='gallery-item'>\n\t\t\t<div class='gallery-icon portrait'>\n\t\t\t\t<a href='https:\/\/zakrasnejsivimperk.cz\/?attachment_id=100464'><img loading=\"lazy\" decoding=\"async\" width=\"200\" height=\"300\" src=\"https:\/\/zakrasnejsivimperk.cz\/wp-content\/uploads\/2017\/06\/14\/prezident-ve-vimperku-2-9-200x300.jpg\" class=\"attachment-medium size-medium\" alt=\"\" srcset=\"https:\/\/zakrasnejsivimperk.cz\/wp-content\/uploads\/2017\/06\/14\/prezident-ve-vimperku-2-9-200x300.jpg 200w, https:\/\/zakrasnejsivimperk.cz\/wp-content\/uploads\/2017\/06\/14\/prezident-ve-vimperku-2-9-237x357.jpg 237w, https:\/\/zakrasnejsivimperk.cz\/wp-content\/uploads\/2017\/06\/14\/prezident-ve-vimperku-2-9-321x483.jpg 321w, https:\/\/zakrasnejsivimperk.cz\/wp-content\/uploads\/2017\/06\/14\/prezident-ve-vimperku-2-9.jpg 532w\" sizes=\"(max-width: 200px) 100vw, 200px\" \/><\/a>\n\t\t\t<\/div><\/figure><figure class='gallery-item'>\n\t\t\t<div class='gallery-icon landscape'>\n\t\t\t\t<a href='https:\/\/zakrasnejsivimperk.cz\/?attachment_id=100465'><img loading=\"lazy\" decoding=\"async\" width=\"300\" height=\"200\" src=\"https:\/\/zakrasnejsivimperk.cz\/wp-content\/uploads\/2017\/06\/14\/prezident-ve-vimperku-2-10-300x200.jpg\" class=\"attachment-medium size-medium\" alt=\"\" srcset=\"https:\/\/zakrasnejsivimperk.cz\/wp-content\/uploads\/2017\/06\/14\/prezident-ve-vimperku-2-10-300x200.jpg 300w, https:\/\/zakrasnejsivimperk.cz\/wp-content\/uploads\/2017\/06\/14\/prezident-ve-vimperku-2-10-768x511.jpg 768w, https:\/\/zakrasnejsivimperk.cz\/wp-content\/uploads\/2017\/06\/14\/prezident-ve-vimperku-2-10-537x357.jpg 537w, https:\/\/zakrasnejsivimperk.cz\/wp-content\/uploads\/2017\/06\/14\/prezident-ve-vimperku-2-10-726x483.jpg 726w, https:\/\/zakrasnejsivimperk.cz\/wp-content\/uploads\/2017\/06\/14\/prezident-ve-vimperku-2-10.jpg 800w\" sizes=\"(max-width: 300px) 100vw, 300px\" \/><\/a>\n\t\t\t<\/div><\/figure><figure class='gallery-item'>\n\t\t\t<div class='gallery-icon landscape'>\n\t\t\t\t<a href='https:\/\/zakrasnejsivimperk.cz\/?attachment_id=100466'><img loading=\"lazy\" decoding=\"async\" width=\"300\" height=\"200\" src=\"https:\/\/zakrasnejsivimperk.cz\/wp-content\/uploads\/2017\/06\/14\/prezident-ve-vimperku-2-11-300x200.jpg\" class=\"attachment-medium size-medium\" alt=\"\" srcset=\"https:\/\/zakrasnejsivimperk.cz\/wp-content\/uploads\/2017\/06\/14\/prezident-ve-vimperku-2-11-300x200.jpg 300w, https:\/\/zakrasnejsivimperk.cz\/wp-content\/uploads\/2017\/06\/14\/prezident-ve-vimperku-2-11-768x511.jpg 768w, https:\/\/zakrasnejsivimperk.cz\/wp-content\/uploads\/2017\/06\/14\/prezident-ve-vimperku-2-11-537x357.jpg 537w, https:\/\/zakrasnejsivimperk.cz\/wp-content\/uploads\/2017\/06\/14\/prezident-ve-vimperku-2-11-726x483.jpg 726w, https:\/\/zakrasnejsivimperk.cz\/wp-content\/uploads\/2017\/06\/14\/prezident-ve-vimperku-2-11.jpg 800w\" sizes=\"(max-width: 300px) 100vw, 300px\" \/><\/a>\n\t\t\t<\/div><\/figure><figure class='gallery-item'>\n\t\t\t<div class='gallery-icon portrait'>\n\t\t\t\t<a href='https:\/\/zakrasnejsivimperk.cz\/?attachment_id=100467'><img loading=\"lazy\" decoding=\"async\" width=\"200\" height=\"300\" src=\"https:\/\/zakrasnejsivimperk.cz\/wp-content\/uploads\/2017\/06\/14\/prezident-ve-vimperku-2-12-200x300.jpg\" class=\"attachment-medium size-medium\" alt=\"\" srcset=\"https:\/\/zakrasnejsivimperk.cz\/wp-content\/uploads\/2017\/06\/14\/prezident-ve-vimperku-2-12-200x300.jpg 200w, https:\/\/zakrasnejsivimperk.cz\/wp-content\/uploads\/2017\/06\/14\/prezident-ve-vimperku-2-12-237x357.jpg 237w, https:\/\/zakrasnejsivimperk.cz\/wp-content\/uploads\/2017\/06\/14\/prezident-ve-vimperku-2-12-321x483.jpg 321w, https:\/\/zakrasnejsivimperk.cz\/wp-content\/uploads\/2017\/06\/14\/prezident-ve-vimperku-2-12.jpg 532w\" sizes=\"(max-width: 200px) 100vw, 200px\" \/><\/a>\n\t\t\t<\/div><\/figure><figure class='gallery-item'>\n\t\t\t<div class='gallery-icon landscape'>\n\t\t\t\t<a href='https:\/\/zakrasnejsivimperk.cz\/?attachment_id=100468'><img loading=\"lazy\" decoding=\"async\" width=\"300\" height=\"200\" src=\"https:\/\/zakrasnejsivimperk.cz\/wp-content\/uploads\/2017\/06\/14\/prezident-ve-vimperku-2-13-300x200.jpg\" class=\"attachment-medium size-medium\" alt=\"\" srcset=\"https:\/\/zakrasnejsivimperk.cz\/wp-content\/uploads\/2017\/06\/14\/prezident-ve-vimperku-2-13-300x200.jpg 300w, https:\/\/zakrasnejsivimperk.cz\/wp-content\/uploads\/2017\/06\/14\/prezident-ve-vimperku-2-13-768x511.jpg 768w, https:\/\/zakrasnejsivimperk.cz\/wp-content\/uploads\/2017\/06\/14\/prezident-ve-vimperku-2-13-537x357.jpg 537w, https:\/\/zakrasnejsivimperk.cz\/wp-content\/uploads\/2017\/06\/14\/prezident-ve-vimperku-2-13-726x483.jpg 726w, https:\/\/zakrasnejsivimperk.cz\/wp-content\/uploads\/2017\/06\/14\/prezident-ve-vimperku-2-13.jpg 800w\" sizes=\"(max-width: 300px) 100vw, 300px\" \/><\/a>\n\t\t\t<\/div><\/figure><figure class='gallery-item'>\n\t\t\t<div class='gallery-icon landscape'>\n\t\t\t\t<a href='https:\/\/zakrasnejsivimperk.cz\/?attachment_id=100469'><img loading=\"lazy\" decoding=\"async\" width=\"300\" height=\"200\" src=\"https:\/\/zakrasnejsivimperk.cz\/wp-content\/uploads\/2017\/06\/14\/prezident-ve-vimperku-2-14-300x200.jpg\" class=\"attachment-medium size-medium\" alt=\"\" srcset=\"https:\/\/zakrasnejsivimperk.cz\/wp-content\/uploads\/2017\/06\/14\/prezident-ve-vimperku-2-14-300x200.jpg 300w, https:\/\/zakrasnejsivimperk.cz\/wp-content\/uploads\/2017\/06\/14\/prezident-ve-vimperku-2-14-768x511.jpg 768w, https:\/\/zakrasnejsivimperk.cz\/wp-content\/uploads\/2017\/06\/14\/prezident-ve-vimperku-2-14-537x357.jpg 537w, https:\/\/zakrasnejsivimperk.cz\/wp-content\/uploads\/2017\/06\/14\/prezident-ve-vimperku-2-14-726x483.jpg 726w, https:\/\/zakrasnejsivimperk.cz\/wp-content\/uploads\/2017\/06\/14\/prezident-ve-vimperku-2-14.jpg 800w\" sizes=\"(max-width: 300px) 100vw, 300px\" \/><\/a>\n\t\t\t<\/div><\/figure><figure class='gallery-item'>\n\t\t\t<div class='gallery-icon landscape'>\n\t\t\t\t<a href='https:\/\/zakrasnejsivimperk.cz\/?attachment_id=100470'><img loading=\"lazy\" decoding=\"async\" width=\"300\" height=\"200\" src=\"https:\/\/zakrasnejsivimperk.cz\/wp-content\/uploads\/2017\/06\/14\/prezident-ve-vimperku-2-15-300x200.jpg\" class=\"attachment-medium size-medium\" alt=\"\" srcset=\"https:\/\/zakrasnejsivimperk.cz\/wp-content\/uploads\/2017\/06\/14\/prezident-ve-vimperku-2-15-300x200.jpg 300w, https:\/\/zakrasnejsivimperk.cz\/wp-content\/uploads\/2017\/06\/14\/prezident-ve-vimperku-2-15-768x511.jpg 768w, https:\/\/zakrasnejsivimperk.cz\/wp-content\/uploads\/2017\/06\/14\/prezident-ve-vimperku-2-15-537x357.jpg 537w, https:\/\/zakrasnejsivimperk.cz\/wp-content\/uploads\/2017\/06\/14\/prezident-ve-vimperku-2-15-726x483.jpg 726w, https:\/\/zakrasnejsivimperk.cz\/wp-content\/uploads\/2017\/06\/14\/prezident-ve-vimperku-2-15.jpg 800w\" sizes=\"(max-width: 300px) 100vw, 300px\" \/><\/a>\n\t\t\t<\/div><\/figure><figure class='gallery-item'>\n\t\t\t<div class='gallery-icon landscape'>\n\t\t\t\t<a href='https:\/\/zakrasnejsivimperk.cz\/?attachment_id=100471'><img loading=\"lazy\" decoding=\"async\" width=\"300\" height=\"200\" src=\"https:\/\/zakrasnejsivimperk.cz\/wp-content\/uploads\/2017\/06\/14\/prezident-ve-vimperku-2-16-300x200.jpg\" class=\"attachment-medium size-medium\" alt=\"\" srcset=\"https:\/\/zakrasnejsivimperk.cz\/wp-content\/uploads\/2017\/06\/14\/prezident-ve-vimperku-2-16-300x200.jpg 300w, https:\/\/zakrasnejsivimperk.cz\/wp-content\/uploads\/2017\/06\/14\/prezident-ve-vimperku-2-16-768x511.jpg 768w, https:\/\/zakrasnejsivimperk.cz\/wp-content\/uploads\/2017\/06\/14\/prezident-ve-vimperku-2-16-537x357.jpg 537w, https:\/\/zakrasnejsivimperk.cz\/wp-content\/uploads\/2017\/06\/14\/prezident-ve-vimperku-2-16-726x483.jpg 726w, https:\/\/zakrasnejsivimperk.cz\/wp-content\/uploads\/2017\/06\/14\/prezident-ve-vimperku-2-16.jpg 800w\" sizes=\"(max-width: 300px) 100vw, 300px\" \/><\/a>\n\t\t\t<\/div><\/figure><figure class='gallery-item'>\n\t\t\t<div class='gallery-icon landscape'>\n\t\t\t\t<a href='https:\/\/zakrasnejsivimperk.cz\/?attachment_id=100472'><img loading=\"lazy\" decoding=\"async\" width=\"300\" height=\"200\" src=\"https:\/\/zakrasnejsivimperk.cz\/wp-content\/uploads\/2017\/06\/14\/prezident-ve-vimperku-2-17-300x200.jpg\" class=\"attachment-medium size-medium\" alt=\"\" srcset=\"https:\/\/zakrasnejsivimperk.cz\/wp-content\/uploads\/2017\/06\/14\/prezident-ve-vimperku-2-17-300x200.jpg 300w, https:\/\/zakrasnejsivimperk.cz\/wp-content\/uploads\/2017\/06\/14\/prezident-ve-vimperku-2-17-768x511.jpg 768w, https:\/\/zakrasnejsivimperk.cz\/wp-content\/uploads\/2017\/06\/14\/prezident-ve-vimperku-2-17-537x357.jpg 537w, https:\/\/zakrasnejsivimperk.cz\/wp-content\/uploads\/2017\/06\/14\/prezident-ve-vimperku-2-17-726x483.jpg 726w, https:\/\/zakrasnejsivimperk.cz\/wp-content\/uploads\/2017\/06\/14\/prezident-ve-vimperku-2-17.jpg 800w\" sizes=\"(max-width: 300px) 100vw, 300px\" \/><\/a>\n\t\t\t<\/div><\/figure><figure class='gallery-item'>\n\t\t\t<div class='gallery-icon landscape'>\n\t\t\t\t<a href='https:\/\/zakrasnejsivimperk.cz\/?attachment_id=100473'><img loading=\"lazy\" decoding=\"async\" width=\"300\" height=\"200\" src=\"https:\/\/zakrasnejsivimperk.cz\/wp-content\/uploads\/2017\/06\/14\/prezident-ve-vimperku-2-18-300x200.jpg\" class=\"attachment-medium size-medium\" alt=\"\" srcset=\"https:\/\/zakrasnejsivimperk.cz\/wp-content\/uploads\/2017\/06\/14\/prezident-ve-vimperku-2-18-300x200.jpg 300w, https:\/\/zakrasnejsivimperk.cz\/wp-content\/uploads\/2017\/06\/14\/prezident-ve-vimperku-2-18-768x511.jpg 768w, https:\/\/zakrasnejsivimperk.cz\/wp-content\/uploads\/2017\/06\/14\/prezident-ve-vimperku-2-18-537x357.jpg 537w, https:\/\/zakrasnejsivimperk.cz\/wp-content\/uploads\/2017\/06\/14\/prezident-ve-vimperku-2-18-726x483.jpg 726w, https:\/\/zakrasnejsivimperk.cz\/wp-content\/uploads\/2017\/06\/14\/prezident-ve-vimperku-2-18.jpg 800w\" sizes=\"(max-width: 300px) 100vw, 300px\" \/><\/a>\n\t\t\t<\/div><\/figure><figure class='gallery-item'>\n\t\t\t<div class='gallery-icon landscape'>\n\t\t\t\t<a href='https:\/\/zakrasnejsivimperk.cz\/?attachment_id=100474'><img loading=\"lazy\" decoding=\"async\" width=\"300\" height=\"200\" src=\"https:\/\/zakrasnejsivimperk.cz\/wp-content\/uploads\/2017\/06\/14\/prezident-ve-vimperku-2-19-300x200.jpg\" class=\"attachment-medium size-medium\" alt=\"\" srcset=\"https:\/\/zakrasnejsivimperk.cz\/wp-content\/uploads\/2017\/06\/14\/prezident-ve-vimperku-2-19-300x200.jpg 300w, https:\/\/zakrasnejsivimperk.cz\/wp-content\/uploads\/2017\/06\/14\/prezident-ve-vimperku-2-19-768x511.jpg 768w, https:\/\/zakrasnejsivimperk.cz\/wp-content\/uploads\/2017\/06\/14\/prezident-ve-vimperku-2-19-537x357.jpg 537w, https:\/\/zakrasnejsivimperk.cz\/wp-content\/uploads\/2017\/06\/14\/prezident-ve-vimperku-2-19-726x483.jpg 726w, https:\/\/zakrasnejsivimperk.cz\/wp-content\/uploads\/2017\/06\/14\/prezident-ve-vimperku-2-19.jpg 800w\" sizes=\"(max-width: 300px) 100vw, 300px\" \/><\/a>\n\t\t\t<\/div><\/figure><figure class='gallery-item'>\n\t\t\t<div class='gallery-icon landscape'>\n\t\t\t\t<a href='https:\/\/zakrasnejsivimperk.cz\/?attachment_id=100475'><img loading=\"lazy\" decoding=\"async\" width=\"300\" height=\"200\" src=\"https:\/\/zakrasnejsivimperk.cz\/wp-content\/uploads\/2017\/06\/14\/prezident-ve-vimperku-2-20-300x200.jpg\" class=\"attachment-medium size-medium\" alt=\"\" srcset=\"https:\/\/zakrasnejsivimperk.cz\/wp-content\/uploads\/2017\/06\/14\/prezident-ve-vimperku-2-20-300x200.jpg 300w, https:\/\/zakrasnejsivimperk.cz\/wp-content\/uploads\/2017\/06\/14\/prezident-ve-vimperku-2-20-768x511.jpg 768w, https:\/\/zakrasnejsivimperk.cz\/wp-content\/uploads\/2017\/06\/14\/prezident-ve-vimperku-2-20-537x357.jpg 537w, https:\/\/zakrasnejsivimperk.cz\/wp-content\/uploads\/2017\/06\/14\/prezident-ve-vimperku-2-20-726x483.jpg 726w, https:\/\/zakrasnejsivimperk.cz\/wp-content\/uploads\/2017\/06\/14\/prezident-ve-vimperku-2-20.jpg 800w\" sizes=\"(max-width: 300px) 100vw, 300px\" \/><\/a>\n\t\t\t<\/div><\/figure><figure class='gallery-item'>\n\t\t\t<div class='gallery-icon landscape'>\n\t\t\t\t<a href='https:\/\/zakrasnejsivimperk.cz\/?attachment_id=100476'><img loading=\"lazy\" decoding=\"async\" width=\"300\" height=\"200\" src=\"https:\/\/zakrasnejsivimperk.cz\/wp-content\/uploads\/2017\/06\/14\/prezident-ve-vimperku-2-21-300x200.jpg\" class=\"attachment-medium size-medium\" alt=\"\" srcset=\"https:\/\/zakrasnejsivimperk.cz\/wp-content\/uploads\/2017\/06\/14\/prezident-ve-vimperku-2-21-300x200.jpg 300w, https:\/\/zakrasnejsivimperk.cz\/wp-content\/uploads\/2017\/06\/14\/prezident-ve-vimperku-2-21-768x511.jpg 768w, https:\/\/zakrasnejsivimperk.cz\/wp-content\/uploads\/2017\/06\/14\/prezident-ve-vimperku-2-21-537x357.jpg 537w, https:\/\/zakrasnejsivimperk.cz\/wp-content\/uploads\/2017\/06\/14\/prezident-ve-vimperku-2-21-726x483.jpg 726w, https:\/\/zakrasnejsivimperk.cz\/wp-content\/uploads\/2017\/06\/14\/prezident-ve-vimperku-2-21.jpg 800w\" sizes=\"(max-width: 300px) 100vw, 300px\" \/><\/a>\n\t\t\t<\/div><\/figure><figure class='gallery-item'>\n\t\t\t<div class='gallery-icon landscape'>\n\t\t\t\t<a href='https:\/\/zakrasnejsivimperk.cz\/?attachment_id=100477'><img loading=\"lazy\" decoding=\"async\" width=\"300\" height=\"200\" src=\"https:\/\/zakrasnejsivimperk.cz\/wp-content\/uploads\/2017\/06\/14\/prezident-ve-vimperku-2-22-300x200.jpg\" class=\"attachment-medium size-medium\" alt=\"\" srcset=\"https:\/\/zakrasnejsivimperk.cz\/wp-content\/uploads\/2017\/06\/14\/prezident-ve-vimperku-2-22-300x200.jpg 300w, https:\/\/zakrasnejsivimperk.cz\/wp-content\/uploads\/2017\/06\/14\/prezident-ve-vimperku-2-22-768x511.jpg 768w, https:\/\/zakrasnejsivimperk.cz\/wp-content\/uploads\/2017\/06\/14\/prezident-ve-vimperku-2-22-537x357.jpg 537w, https:\/\/zakrasnejsivimperk.cz\/wp-content\/uploads\/2017\/06\/14\/prezident-ve-vimperku-2-22-726x483.jpg 726w, https:\/\/zakrasnejsivimperk.cz\/wp-content\/uploads\/2017\/06\/14\/prezident-ve-vimperku-2-22.jpg 800w\" sizes=\"(max-width: 300px) 100vw, 300px\" \/><\/a>\n\t\t\t<\/div><\/figure><figure class='gallery-item'>\n\t\t\t<div class='gallery-icon landscape'>\n\t\t\t\t<a href='https:\/\/zakrasnejsivimperk.cz\/?attachment_id=100478'><img loading=\"lazy\" decoding=\"async\" width=\"300\" height=\"199\" src=\"https:\/\/zakrasnejsivimperk.cz\/wp-content\/uploads\/2017\/06\/14\/prezident-ve-vimperku-2-23-300x199.jpg\" class=\"attachment-medium size-medium\" alt=\"\" srcset=\"https:\/\/zakrasnejsivimperk.cz\/wp-content\/uploads\/2017\/06\/14\/prezident-ve-vimperku-2-23-300x199.jpg 300w, https:\/\/zakrasnejsivimperk.cz\/wp-content\/uploads\/2017\/06\/14\/prezident-ve-vimperku-2-23-768x510.jpg 768w, https:\/\/zakrasnejsivimperk.cz\/wp-content\/uploads\/2017\/06\/14\/prezident-ve-vimperku-2-23-100x65.jpg 100w, https:\/\/zakrasnejsivimperk.cz\/wp-content\/uploads\/2017\/06\/14\/prezident-ve-vimperku-2-23-538x357.jpg 538w, https:\/\/zakrasnejsivimperk.cz\/wp-content\/uploads\/2017\/06\/14\/prezident-ve-vimperku-2-23-728x483.jpg 728w, https:\/\/zakrasnejsivimperk.cz\/wp-content\/uploads\/2017\/06\/14\/prezident-ve-vimperku-2-23.jpg 800w\" sizes=\"(max-width: 300px) 100vw, 300px\" \/><\/a>\n\t\t\t<\/div><\/figure><figure class='gallery-item'>\n\t\t\t<div class='gallery-icon portrait'>\n\t\t\t\t<a href='https:\/\/zakrasnejsivimperk.cz\/?attachment_id=100479'><img loading=\"lazy\" decoding=\"async\" width=\"199\" height=\"300\" src=\"https:\/\/zakrasnejsivimperk.cz\/wp-content\/uploads\/2017\/06\/14\/prezident-ve-vimperku-2-24-199x300.jpg\" class=\"attachment-medium size-medium\" alt=\"\" srcset=\"https:\/\/zakrasnejsivimperk.cz\/wp-content\/uploads\/2017\/06\/14\/prezident-ve-vimperku-2-24-199x300.jpg 199w, https:\/\/zakrasnejsivimperk.cz\/wp-content\/uploads\/2017\/06\/14\/prezident-ve-vimperku-2-24-237x357.jpg 237w, https:\/\/zakrasnejsivimperk.cz\/wp-content\/uploads\/2017\/06\/14\/prezident-ve-vimperku-2-24-321x483.jpg 321w, https:\/\/zakrasnejsivimperk.cz\/wp-content\/uploads\/2017\/06\/14\/prezident-ve-vimperku-2-24.jpg 531w\" sizes=\"(max-width: 199px) 100vw, 199px\" \/><\/a>\n\t\t\t<\/div><\/figure><figure class='gallery-item'>\n\t\t\t<div class='gallery-icon landscape'>\n\t\t\t\t<a href='https:\/\/zakrasnejsivimperk.cz\/?attachment_id=100480'><img loading=\"lazy\" decoding=\"async\" width=\"300\" height=\"200\" src=\"https:\/\/zakrasnejsivimperk.cz\/wp-content\/uploads\/2017\/06\/14\/prezident-ve-vimperku-2-25-300x200.jpg\" class=\"attachment-medium size-medium\" alt=\"\" srcset=\"https:\/\/zakrasnejsivimperk.cz\/wp-content\/uploads\/2017\/06\/14\/prezident-ve-vimperku-2-25-300x200.jpg 300w, https:\/\/zakrasnejsivimperk.cz\/wp-content\/uploads\/2017\/06\/14\/prezident-ve-vimperku-2-25-768x511.jpg 768w, https:\/\/zakrasnejsivimperk.cz\/wp-content\/uploads\/2017\/06\/14\/prezident-ve-vimperku-2-25-537x357.jpg 537w, https:\/\/zakrasnejsivimperk.cz\/wp-content\/uploads\/2017\/06\/14\/prezident-ve-vimperku-2-25-726x483.jpg 726w, https:\/\/zakrasnejsivimperk.cz\/wp-content\/uploads\/2017\/06\/14\/prezident-ve-vimperku-2-25.jpg 800w\" sizes=\"(max-width: 300px) 100vw, 300px\" \/><\/a>\n\t\t\t<\/div><\/figure><figure class='gallery-item'>\n\t\t\t<div class='gallery-icon landscape'>\n\t\t\t\t<a href='https:\/\/zakrasnejsivimperk.cz\/?attachment_id=100481'><img loading=\"lazy\" decoding=\"async\" width=\"300\" height=\"199\" src=\"https:\/\/zakrasnejsivimperk.cz\/wp-content\/uploads\/2017\/06\/14\/prezident-ve-vimperku-2-26-300x199.jpg\" class=\"attachment-medium size-medium\" alt=\"\" srcset=\"https:\/\/zakrasnejsivimperk.cz\/wp-content\/uploads\/2017\/06\/14\/prezident-ve-vimperku-2-26-300x199.jpg 300w, https:\/\/zakrasnejsivimperk.cz\/wp-content\/uploads\/2017\/06\/14\/prezident-ve-vimperku-2-26-768x510.jpg 768w, https:\/\/zakrasnejsivimperk.cz\/wp-content\/uploads\/2017\/06\/14\/prezident-ve-vimperku-2-26-100x65.jpg 100w, https:\/\/zakrasnejsivimperk.cz\/wp-content\/uploads\/2017\/06\/14\/prezident-ve-vimperku-2-26-538x357.jpg 538w, https:\/\/zakrasnejsivimperk.cz\/wp-content\/uploads\/2017\/06\/14\/prezident-ve-vimperku-2-26-728x483.jpg 728w, https:\/\/zakrasnejsivimperk.cz\/wp-content\/uploads\/2017\/06\/14\/prezident-ve-vimperku-2-26.jpg 800w\" sizes=\"(max-width: 300px) 100vw, 300px\" \/><\/a>\n\t\t\t<\/div><\/figure><figure class='gallery-item'>\n\t\t\t<div class='gallery-icon landscape'>\n\t\t\t\t<a href='https:\/\/zakrasnejsivimperk.cz\/?attachment_id=100482'><img loading=\"lazy\" decoding=\"async\" width=\"300\" height=\"200\" src=\"https:\/\/zakrasnejsivimperk.cz\/wp-content\/uploads\/2017\/06\/14\/prezident-ve-vimperku-2-27-300x200.jpg\" class=\"attachment-medium size-medium\" alt=\"\" srcset=\"https:\/\/zakrasnejsivimperk.cz\/wp-content\/uploads\/2017\/06\/14\/prezident-ve-vimperku-2-27-300x200.jpg 300w, https:\/\/zakrasnejsivimperk.cz\/wp-content\/uploads\/2017\/06\/14\/prezident-ve-vimperku-2-27-768x511.jpg 768w, https:\/\/zakrasnejsivimperk.cz\/wp-content\/uploads\/2017\/06\/14\/prezident-ve-vimperku-2-27-537x357.jpg 537w, https:\/\/zakrasnejsivimperk.cz\/wp-content\/uploads\/2017\/06\/14\/prezident-ve-vimperku-2-27-726x483.jpg 726w, https:\/\/zakrasnejsivimperk.cz\/wp-content\/uploads\/2017\/06\/14\/prezident-ve-vimperku-2-27.jpg 800w\" sizes=\"(max-width: 300px) 100vw, 300px\" \/><\/a>\n\t\t\t<\/div><\/figure><figure class='gallery-item'>\n\t\t\t<div class='gallery-icon landscape'>\n\t\t\t\t<a href='https:\/\/zakrasnejsivimperk.cz\/?attachment_id=100483'><img loading=\"lazy\" decoding=\"async\" width=\"300\" height=\"200\" src=\"https:\/\/zakrasnejsivimperk.cz\/wp-content\/uploads\/2017\/06\/14\/prezident-ve-vimperku-2-28-300x200.jpg\" class=\"attachment-medium size-medium\" alt=\"\" srcset=\"https:\/\/zakrasnejsivimperk.cz\/wp-content\/uploads\/2017\/06\/14\/prezident-ve-vimperku-2-28-300x200.jpg 300w, https:\/\/zakrasnejsivimperk.cz\/wp-content\/uploads\/2017\/06\/14\/prezident-ve-vimperku-2-28-768x511.jpg 768w, https:\/\/zakrasnejsivimperk.cz\/wp-content\/uploads\/2017\/06\/14\/prezident-ve-vimperku-2-28-537x357.jpg 537w, https:\/\/zakrasnejsivimperk.cz\/wp-content\/uploads\/2017\/06\/14\/prezident-ve-vimperku-2-28-726x483.jpg 726w, https:\/\/zakrasnejsivimperk.cz\/wp-content\/uploads\/2017\/06\/14\/prezident-ve-vimperku-2-28.jpg 800w\" sizes=\"(max-width: 300px) 100vw, 300px\" \/><\/a>\n\t\t\t<\/div><\/figure><figure class='gallery-item'>\n\t\t\t<div class='gallery-icon landscape'>\n\t\t\t\t<a href='https:\/\/zakrasnejsivimperk.cz\/?attachment_id=100484'><img loading=\"lazy\" decoding=\"async\" width=\"300\" height=\"200\" src=\"https:\/\/zakrasnejsivimperk.cz\/wp-content\/uploads\/2017\/06\/14\/prezident-ve-vimperku-2-29-300x200.jpg\" class=\"attachment-medium size-medium\" alt=\"\" srcset=\"https:\/\/zakrasnejsivimperk.cz\/wp-content\/uploads\/2017\/06\/14\/prezident-ve-vimperku-2-29-300x200.jpg 300w, https:\/\/zakrasnejsivimperk.cz\/wp-content\/uploads\/2017\/06\/14\/prezident-ve-vimperku-2-29-768x511.jpg 768w, https:\/\/zakrasnejsivimperk.cz\/wp-content\/uploads\/2017\/06\/14\/prezident-ve-vimperku-2-29-537x357.jpg 537w, https:\/\/zakrasnejsivimperk.cz\/wp-content\/uploads\/2017\/06\/14\/prezident-ve-vimperku-2-29-726x483.jpg 726w, https:\/\/zakrasnejsivimperk.cz\/wp-content\/uploads\/2017\/06\/14\/prezident-ve-vimperku-2-29.jpg 800w\" sizes=\"(max-width: 300px) 100vw, 300px\" \/><\/a>\n\t\t\t<\/div><\/figure><figure class='gallery-item'>\n\t\t\t<div class='gallery-icon landscape'>\n\t\t\t\t<a href='https:\/\/zakrasnejsivimperk.cz\/?attachment_id=100485'><img loading=\"lazy\" decoding=\"async\" width=\"300\" height=\"200\" src=\"https:\/\/zakrasnejsivimperk.cz\/wp-content\/uploads\/2017\/06\/14\/prezident-ve-vimperku-2-30-300x200.jpg\" class=\"attachment-medium size-medium\" alt=\"\" srcset=\"https:\/\/zakrasnejsivimperk.cz\/wp-content\/uploads\/2017\/06\/14\/prezident-ve-vimperku-2-30-300x200.jpg 300w, https:\/\/zakrasnejsivimperk.cz\/wp-content\/uploads\/2017\/06\/14\/prezident-ve-vimperku-2-30-768x511.jpg 768w, https:\/\/zakrasnejsivimperk.cz\/wp-content\/uploads\/2017\/06\/14\/prezident-ve-vimperku-2-30-537x357.jpg 537w, https:\/\/zakrasnejsivimperk.cz\/wp-content\/uploads\/2017\/06\/14\/prezident-ve-vimperku-2-30-726x483.jpg 726w, https:\/\/zakrasnejsivimperk.cz\/wp-content\/uploads\/2017\/06\/14\/prezident-ve-vimperku-2-30.jpg 800w\" sizes=\"(max-width: 300px) 100vw, 300px\" \/><\/a>\n\t\t\t<\/div><\/figure><figure class='gallery-item'>\n\t\t\t<div class='gallery-icon landscape'>\n\t\t\t\t<a href='https:\/\/zakrasnejsivimperk.cz\/?attachment_id=100486'><img loading=\"lazy\" decoding=\"async\" width=\"300\" height=\"200\" src=\"https:\/\/zakrasnejsivimperk.cz\/wp-content\/uploads\/2017\/06\/14\/prezident-ve-vimperku-2-31-300x200.jpg\" class=\"attachment-medium size-medium\" alt=\"\" srcset=\"https:\/\/zakrasnejsivimperk.cz\/wp-content\/uploads\/2017\/06\/14\/prezident-ve-vimperku-2-31-300x200.jpg 300w, https:\/\/zakrasnejsivimperk.cz\/wp-content\/uploads\/2017\/06\/14\/prezident-ve-vimperku-2-31-768x511.jpg 768w, https:\/\/zakrasnejsivimperk.cz\/wp-content\/uploads\/2017\/06\/14\/prezident-ve-vimperku-2-31-537x357.jpg 537w, https:\/\/zakrasnejsivimperk.cz\/wp-content\/uploads\/2017\/06\/14\/prezident-ve-vimperku-2-31-726x483.jpg 726w, https:\/\/zakrasnejsivimperk.cz\/wp-content\/uploads\/2017\/06\/14\/prezident-ve-vimperku-2-31.jpg 800w\" sizes=\"(max-width: 300px) 100vw, 300px\" \/><\/a>\n\t\t\t<\/div><\/figure><figure class='gallery-item'>\n\t\t\t<div class='gallery-icon landscape'>\n\t\t\t\t<a href='https:\/\/zakrasnejsivimperk.cz\/?attachment_id=100487'><img loading=\"lazy\" decoding=\"async\" width=\"300\" height=\"200\" src=\"https:\/\/zakrasnejsivimperk.cz\/wp-content\/uploads\/2017\/06\/14\/prezident-ve-vimperku-2-32-300x200.jpg\" class=\"attachment-medium size-medium\" alt=\"\" srcset=\"https:\/\/zakrasnejsivimperk.cz\/wp-content\/uploads\/2017\/06\/14\/prezident-ve-vimperku-2-32-300x200.jpg 300w, https:\/\/zakrasnejsivimperk.cz\/wp-content\/uploads\/2017\/06\/14\/prezident-ve-vimperku-2-32-768x511.jpg 768w, https:\/\/zakrasnejsivimperk.cz\/wp-content\/uploads\/2017\/06\/14\/prezident-ve-vimperku-2-32-537x357.jpg 537w, https:\/\/zakrasnejsivimperk.cz\/wp-content\/uploads\/2017\/06\/14\/prezident-ve-vimperku-2-32-726x483.jpg 726w, https:\/\/zakrasnejsivimperk.cz\/wp-content\/uploads\/2017\/06\/14\/prezident-ve-vimperku-2-32.jpg 800w\" sizes=\"(max-width: 300px) 100vw, 300px\" \/><\/a>\n\t\t\t<\/div><\/figure><figure class='gallery-item'>\n\t\t\t<div class='gallery-icon landscape'>\n\t\t\t\t<a href='https:\/\/zakrasnejsivimperk.cz\/?attachment_id=100488'><img loading=\"lazy\" decoding=\"async\" width=\"300\" height=\"200\" src=\"https:\/\/zakrasnejsivimperk.cz\/wp-content\/uploads\/2017\/06\/14\/prezident-ve-vimperku-2-33-300x200.jpg\" class=\"attachment-medium size-medium\" alt=\"\" srcset=\"https:\/\/zakrasnejsivimperk.cz\/wp-content\/uploads\/2017\/06\/14\/prezident-ve-vimperku-2-33-300x200.jpg 300w, https:\/\/zakrasnejsivimperk.cz\/wp-content\/uploads\/2017\/06\/14\/prezident-ve-vimperku-2-33-768x511.jpg 768w, https:\/\/zakrasnejsivimperk.cz\/wp-content\/uploads\/2017\/06\/14\/prezident-ve-vimperku-2-33-537x357.jpg 537w, https:\/\/zakrasnejsivimperk.cz\/wp-content\/uploads\/2017\/06\/14\/prezident-ve-vimperku-2-33-726x483.jpg 726w, https:\/\/zakrasnejsivimperk.cz\/wp-content\/uploads\/2017\/06\/14\/prezident-ve-vimperku-2-33.jpg 800w\" sizes=\"(max-width: 300px) 100vw, 300px\" \/><\/a>\n\t\t\t<\/div><\/figure><figure class='gallery-item'>\n\t\t\t<div class='gallery-icon landscape'>\n\t\t\t\t<a href='https:\/\/zakrasnejsivimperk.cz\/?attachment_id=100489'><img loading=\"lazy\" decoding=\"async\" width=\"300\" height=\"200\" src=\"https:\/\/zakrasnejsivimperk.cz\/wp-content\/uploads\/2017\/06\/14\/prezident-ve-vimperku-2-34-300x200.jpg\" class=\"attachment-medium size-medium\" alt=\"\" srcset=\"https:\/\/zakrasnejsivimperk.cz\/wp-content\/uploads\/2017\/06\/14\/prezident-ve-vimperku-2-34-300x200.jpg 300w, https:\/\/zakrasnejsivimperk.cz\/wp-content\/uploads\/2017\/06\/14\/prezident-ve-vimperku-2-34-768x511.jpg 768w, https:\/\/zakrasnejsivimperk.cz\/wp-content\/uploads\/2017\/06\/14\/prezident-ve-vimperku-2-34-537x357.jpg 537w, https:\/\/zakrasnejsivimperk.cz\/wp-content\/uploads\/2017\/06\/14\/prezident-ve-vimperku-2-34-726x483.jpg 726w, https:\/\/zakrasnejsivimperk.cz\/wp-content\/uploads\/2017\/06\/14\/prezident-ve-vimperku-2-34.jpg 800w\" sizes=\"(max-width: 300px) 100vw, 300px\" \/><\/a>\n\t\t\t<\/div><\/figure><figure class='gallery-item'>\n\t\t\t<div class='gallery-icon landscape'>\n\t\t\t\t<a href='https:\/\/zakrasnejsivimperk.cz\/?attachment_id=100490'><img loading=\"lazy\" decoding=\"async\" width=\"300\" height=\"200\" src=\"https:\/\/zakrasnejsivimperk.cz\/wp-content\/uploads\/2017\/06\/14\/prezident-ve-vimperku-2-35-300x200.jpg\" class=\"attachment-medium size-medium\" alt=\"\" srcset=\"https:\/\/zakrasnejsivimperk.cz\/wp-content\/uploads\/2017\/06\/14\/prezident-ve-vimperku-2-35-300x200.jpg 300w, https:\/\/zakrasnejsivimperk.cz\/wp-content\/uploads\/2017\/06\/14\/prezident-ve-vimperku-2-35-768x511.jpg 768w, https:\/\/zakrasnejsivimperk.cz\/wp-content\/uploads\/2017\/06\/14\/prezident-ve-vimperku-2-35-537x357.jpg 537w, https:\/\/zakrasnejsivimperk.cz\/wp-content\/uploads\/2017\/06\/14\/prezident-ve-vimperku-2-35-726x483.jpg 726w, https:\/\/zakrasnejsivimperk.cz\/wp-content\/uploads\/2017\/06\/14\/prezident-ve-vimperku-2-35.jpg 800w\" sizes=\"(max-width: 300px) 100vw, 300px\" \/><\/a>\n\t\t\t<\/div><\/figure><figure class='gallery-item'>\n\t\t\t<div class='gallery-icon portrait'>\n\t\t\t\t<a href='https:\/\/zakrasnejsivimperk.cz\/?attachment_id=100491'><img loading=\"lazy\" decoding=\"async\" width=\"200\" height=\"300\" src=\"https:\/\/zakrasnejsivimperk.cz\/wp-content\/uploads\/2017\/06\/14\/prezident-ve-vimperku-2-36-200x300.jpg\" class=\"attachment-medium size-medium\" alt=\"\" srcset=\"https:\/\/zakrasnejsivimperk.cz\/wp-content\/uploads\/2017\/06\/14\/prezident-ve-vimperku-2-36-200x300.jpg 200w, https:\/\/zakrasnejsivimperk.cz\/wp-content\/uploads\/2017\/06\/14\/prezident-ve-vimperku-2-36-237x357.jpg 237w, https:\/\/zakrasnejsivimperk.cz\/wp-content\/uploads\/2017\/06\/14\/prezident-ve-vimperku-2-36-321x483.jpg 321w, https:\/\/zakrasnejsivimperk.cz\/wp-content\/uploads\/2017\/06\/14\/prezident-ve-vimperku-2-36.jpg 532w\" sizes=\"(max-width: 200px) 100vw, 200px\" \/><\/a>\n\t\t\t<\/div><\/figure><figure class='gallery-item'>\n\t\t\t<div class='gallery-icon portrait'>\n\t\t\t\t<a href='https:\/\/zakrasnejsivimperk.cz\/?attachment_id=100492'><img loading=\"lazy\" decoding=\"async\" width=\"200\" height=\"300\" src=\"https:\/\/zakrasnejsivimperk.cz\/wp-content\/uploads\/2017\/06\/14\/prezident-ve-vimperku-2-37-200x300.jpg\" class=\"attachment-medium size-medium\" alt=\"\" srcset=\"https:\/\/zakrasnejsivimperk.cz\/wp-content\/uploads\/2017\/06\/14\/prezident-ve-vimperku-2-37-200x300.jpg 200w, https:\/\/zakrasnejsivimperk.cz\/wp-content\/uploads\/2017\/06\/14\/prezident-ve-vimperku-2-37-237x357.jpg 237w, https:\/\/zakrasnejsivimperk.cz\/wp-content\/uploads\/2017\/06\/14\/prezident-ve-vimperku-2-37-321x483.jpg 321w, https:\/\/zakrasnejsivimperk.cz\/wp-content\/uploads\/2017\/06\/14\/prezident-ve-vimperku-2-37.jpg 532w\" sizes=\"(max-width: 200px) 100vw, 200px\" \/><\/a>\n\t\t\t<\/div><\/figure><figure class='gallery-item'>\n\t\t\t<div class='gallery-icon portrait'>\n\t\t\t\t<a href='https:\/\/zakrasnejsivimperk.cz\/?attachment_id=100493'><img loading=\"lazy\" decoding=\"async\" width=\"199\" height=\"300\" src=\"https:\/\/zakrasnejsivimperk.cz\/wp-content\/uploads\/2017\/06\/14\/prezident-ve-vimperku-2-38-199x300.jpg\" class=\"attachment-medium size-medium\" alt=\"\" srcset=\"https:\/\/zakrasnejsivimperk.cz\/wp-content\/uploads\/2017\/06\/14\/prezident-ve-vimperku-2-38-199x300.jpg 199w, https:\/\/zakrasnejsivimperk.cz\/wp-content\/uploads\/2017\/06\/14\/prezident-ve-vimperku-2-38-237x357.jpg 237w, https:\/\/zakrasnejsivimperk.cz\/wp-content\/uploads\/2017\/06\/14\/prezident-ve-vimperku-2-38-321x483.jpg 321w, https:\/\/zakrasnejsivimperk.cz\/wp-content\/uploads\/2017\/06\/14\/prezident-ve-vimperku-2-38.jpg 531w\" sizes=\"(max-width: 199px) 100vw, 199px\" \/><\/a>\n\t\t\t<\/div><\/figure><figure class='gallery-item'>\n\t\t\t<div class='gallery-icon landscape'>\n\t\t\t\t<a href='https:\/\/zakrasnejsivimperk.cz\/?attachment_id=100494'><img loading=\"lazy\" decoding=\"async\" width=\"300\" height=\"200\" src=\"https:\/\/zakrasnejsivimperk.cz\/wp-content\/uploads\/2017\/06\/14\/prezident-ve-vimperku-2-39-300x200.jpg\" class=\"attachment-medium size-medium\" alt=\"\" srcset=\"https:\/\/zakrasnejsivimperk.cz\/wp-content\/uploads\/2017\/06\/14\/prezident-ve-vimperku-2-39-300x200.jpg 300w, https:\/\/zakrasnejsivimperk.cz\/wp-content\/uploads\/2017\/06\/14\/prezident-ve-vimperku-2-39-768x511.jpg 768w, https:\/\/zakrasnejsivimperk.cz\/wp-content\/uploads\/2017\/06\/14\/prezident-ve-vimperku-2-39-537x357.jpg 537w, https:\/\/zakrasnejsivimperk.cz\/wp-content\/uploads\/2017\/06\/14\/prezident-ve-vimperku-2-39-726x483.jpg 726w, https:\/\/zakrasnejsivimperk.cz\/wp-content\/uploads\/2017\/06\/14\/prezident-ve-vimperku-2-39.jpg 800w\" sizes=\"(max-width: 300px) 100vw, 300px\" \/><\/a>\n\t\t\t<\/div><\/figure><figure class='gallery-item'>\n\t\t\t<div class='gallery-icon landscape'>\n\t\t\t\t<a href='https:\/\/zakrasnejsivimperk.cz\/?attachment_id=100495'><img loading=\"lazy\" decoding=\"async\" width=\"300\" height=\"200\" src=\"https:\/\/zakrasnejsivimperk.cz\/wp-content\/uploads\/2017\/06\/14\/prezident-ve-vimperku-2-40-300x200.jpg\" class=\"attachment-medium size-medium\" alt=\"\" srcset=\"https:\/\/zakrasnejsivimperk.cz\/wp-content\/uploads\/2017\/06\/14\/prezident-ve-vimperku-2-40-300x200.jpg 300w, https:\/\/zakrasnejsivimperk.cz\/wp-content\/uploads\/2017\/06\/14\/prezident-ve-vimperku-2-40-768x511.jpg 768w, https:\/\/zakrasnejsivimperk.cz\/wp-content\/uploads\/2017\/06\/14\/prezident-ve-vimperku-2-40-537x357.jpg 537w, https:\/\/zakrasnejsivimperk.cz\/wp-content\/uploads\/2017\/06\/14\/prezident-ve-vimperku-2-40-726x483.jpg 726w, https:\/\/zakrasnejsivimperk.cz\/wp-content\/uploads\/2017\/06\/14\/prezident-ve-vimperku-2-40.jpg 800w\" sizes=\"(max-width: 300px) 100vw, 300px\" \/><\/a>\n\t\t\t<\/div><\/figure><figure class='gallery-item'>\n\t\t\t<div class='gallery-icon landscape'>\n\t\t\t\t<a href='https:\/\/zakrasnejsivimperk.cz\/?attachment_id=100496'><img loading=\"lazy\" decoding=\"async\" width=\"300\" height=\"200\" src=\"https:\/\/zakrasnejsivimperk.cz\/wp-content\/uploads\/2017\/06\/14\/prezident-ve-vimperku-2-41-300x200.jpg\" class=\"attachment-medium size-medium\" alt=\"\" srcset=\"https:\/\/zakrasnejsivimperk.cz\/wp-content\/uploads\/2017\/06\/14\/prezident-ve-vimperku-2-41-300x200.jpg 300w, https:\/\/zakrasnejsivimperk.cz\/wp-content\/uploads\/2017\/06\/14\/prezident-ve-vimperku-2-41-768x511.jpg 768w, https:\/\/zakrasnejsivimperk.cz\/wp-content\/uploads\/2017\/06\/14\/prezident-ve-vimperku-2-41-537x357.jpg 537w, https:\/\/zakrasnejsivimperk.cz\/wp-content\/uploads\/2017\/06\/14\/prezident-ve-vimperku-2-41-726x483.jpg 726w, https:\/\/zakrasnejsivimperk.cz\/wp-content\/uploads\/2017\/06\/14\/prezident-ve-vimperku-2-41.jpg 800w\" sizes=\"(max-width: 300px) 100vw, 300px\" \/><\/a>\n\t\t\t<\/div><\/figure><figure class='gallery-item'>\n\t\t\t<div class='gallery-icon landscape'>\n\t\t\t\t<a href='https:\/\/zakrasnejsivimperk.cz\/?attachment_id=100497'><img loading=\"lazy\" decoding=\"async\" width=\"300\" height=\"200\" src=\"https:\/\/zakrasnejsivimperk.cz\/wp-content\/uploads\/2017\/06\/14\/prezident-ve-vimperku-2-42-300x200.jpg\" class=\"attachment-medium size-medium\" alt=\"\" srcset=\"https:\/\/zakrasnejsivimperk.cz\/wp-content\/uploads\/2017\/06\/14\/prezident-ve-vimperku-2-42-300x200.jpg 300w, https:\/\/zakrasnejsivimperk.cz\/wp-content\/uploads\/2017\/06\/14\/prezident-ve-vimperku-2-42-768x511.jpg 768w, https:\/\/zakrasnejsivimperk.cz\/wp-content\/uploads\/2017\/06\/14\/prezident-ve-vimperku-2-42-537x357.jpg 537w, https:\/\/zakrasnejsivimperk.cz\/wp-content\/uploads\/2017\/06\/14\/prezident-ve-vimperku-2-42-726x483.jpg 726w, https:\/\/zakrasnejsivimperk.cz\/wp-content\/uploads\/2017\/06\/14\/prezident-ve-vimperku-2-42.jpg 800w\" sizes=\"(max-width: 300px) 100vw, 300px\" \/><\/a>\n\t\t\t<\/div><\/figure>\n\t\t<\/div>\n\n<p>&nbsp;<\/p>\n","protected":false},"excerpt":{"rendered":"<p>Vimperk, 13. <\/p>\n","protected":false},"author":2,"featured_media":100500,"comment_status":"open","ping_status":"open","sticky":false,"template":"","format":"gallery","meta":{"footnotes":""},"categories":[26],"tags":[],"jetpack_featured_media_url":"https:\/\/zakrasnejsivimperk.cz\/wp-content\/uploads\/2017\/06\/14\/titul-2.jpg","_links":{"self":[{"href":"https:\/\/zakrasnejsivimperk.cz\/index.php?rest_route=\/wp\/v2\/posts\/100455"}],"collection":[{"href":"https:\/\/zakrasnejsivimperk.cz\/index.php?rest_route=\/wp\/v2\/posts"}],"about":[{"href":"https:\/\/zakrasnejsivimperk.cz\/index.php?rest_route=\/wp\/v2\/types\/post"}],"author":[{"embeddable":true,"href":"https:\/\/zakrasnejsivimperk.cz\/index.php?rest_route=\/wp\/v2\/users\/2"}],"replies":[{"embeddable":true,"href":"https:\/\/zakrasnejsivimperk.cz\/index.php?rest_route=%2Fwp%2Fv2%2Fcomments&post=100455"}],"version-history":[{"count":4,"href":"https:\/\/zakrasnejsivimperk.cz\/index.php?rest_route=\/wp\/v2\/posts\/100455\/revisions"}],"predecessor-version":[{"id":100566,"href":"https:\/\/zakrasnejsivimperk.cz\/index.php?rest_route=\/wp\/v2\/posts\/100455\/revisions\/100566"}],"wp:featuredmedia":[{"embeddable":true,"href":"https:\/\/zakrasnejsivimperk.cz\/index.php?rest_route=\/wp\/v2\/media\/100500"}],"wp:attachment":[{"href":"https:\/\/zakrasnejsivimperk.cz\/index.php?rest_route=%2Fwp%2Fv2%2Fmedia&parent=100455"}],"wp:term":[{"taxonomy":"category","embeddable":true,"href":"https:\/\/zakrasnejsivimperk.cz\/index.php?rest_route=%2Fwp%2Fv2%2Fcategories&post=100455"},{"taxonomy":"post_tag","embeddable":true,"href":"https:\/\/zakrasnejsivimperk.cz\/index.php?rest_route=%2Fwp%2Fv2%2Ftags&post=100455"}],"curies":[{"name":"wp","href":"https:\/\/api.w.org\/{rel}","templated":true}]}}