{"id":100176,"date":"2017-06-11T23:14:58","date_gmt":"2017-06-11T22:14:58","guid":{"rendered":"http:\/\/zakrasnejsivimperk.cz\/?p=100176"},"modified":"2017-07-03T13:13:22","modified_gmt":"2017-07-03T12:13:22","slug":"navsteva-prezident-ceske-republiky-milos-zeman-prijede-v-utery-13-cervna-odpoledne-na-setkani-s-obcany-vimperka","status":"publish","type":"post","link":"https:\/\/zakrasnejsivimperk.cz\/?p=100176","title":{"rendered":"N\u00c1V\u0160T\u011aVA: Prezident Milo\u0161 Zeman p\u0159ijede v \u00fater\u00fd 13. \u010dervna odpoledne na setk\u00e1n\u00ed s ob\u010dany Vimperka"},"content":{"rendered":"<p>&nbsp;<\/p>\n<h6>V r\u00e1mci t\u0159\u00eddenn\u00ed n\u00e1v\u0161t\u011bvy Jiho\u010desk\u00e9ho kraje zav\u00edt\u00e1 v \u00fater\u00fd 13. \u010dervna odpoledne do Vimperka prezident \u010cesk\u00e9 republiky Milo\u0161 Zeman.<\/h6>\n<p>P\u0159\u00edjezd hlavy st\u00e1tu je podle ofici\u00e1ln\u00edho programu napl\u00e1nov\u00e1n n\u011bkolik minut p\u0159ed patn\u00e1ctou hodinou. Prezident se nejprve v salonku hotelu Zlat\u00e1 hv\u011bzda setk\u00e1 s p\u0159edstaviteli m\u011bsta, okoln\u00edch obc\u00ed a dal\u0161\u00edmi osobnosti Vimperska.<\/p>\n<h6><strong>V 15,40 hodin by podle programu m\u011blo za\u010d\u00edt setk\u00e1n\u00ed s ob\u010dany Vimperka a okol\u00ed. Uskute\u010dn\u00ed se na prostranstv\u00edch p\u0159il\u00e9haj\u00edc\u00edch k hotelu Zlat\u00e1 hv\u011bzda. <\/strong><\/h6>\n<p>V \u00favodu kr\u00e1tce promluv\u00ed m\u00edstostarosta Vimperka Luk\u00e1\u0161 S\u00fds (zastupuje starostu, kter\u00fd je na dlouho p\u0159edem pl\u00e1novan\u00e9 dovolen\u00e9) a hejtmanka kraje Ivana Str\u00e1sk\u00e1. Pot\u00e9 u\u017e za\u010dne vlastn\u00ed beseda, kterou prezident uvede n\u011bkolika v\u011btami. Ob\u010dan\u00e9 se budou moci pt\u00e1t na cokoliv p\u0159es mikrofon, kter\u00fd jim na po\u017e\u00e1d\u00e1n\u00ed p\u0159inesou dva asistenti moder\u00e1tora pohybuj\u00edc\u00ed se v publiku.<\/p>\n<p>Na z\u00e1v\u011br besedy se Milo\u0161 Zeman podep\u00ed\u0161e do pam\u011btn\u00ed knihy m\u011bsta, dekoruje prapor m\u011bsta pam\u011btn\u00ed stuhou prezidenta republiky a p\u0159evezme dar od m\u011bsta.<\/p>\n<p>Ukon\u010den\u00ed setk\u00e1n\u00ed s ob\u010dany se p\u0159edpokl\u00e1d\u00e1 zhruba v 16,20 hodin.<\/p>\n<p>S Milo\u0161em Zemanem p\u0159ij\u00ed\u017ed\u00ed do Jiho\u010desk\u00e9ho kraje tak\u00e9 jeho man\u017eelka Ivana. Ta se ale podle na\u0161ich informac\u00ed setk\u00e1n\u00ed s p\u0159edstaviteli m\u011bsta, regionu i ob\u010dany nez\u00fa\u010dastn\u00ed. Jako u\u017e tradi\u010dn\u011b p\u0159i cest\u00e1ch prezidenta do jednotliv\u00fdch kraj\u016f republiky m\u00e1 jin\u00fd program zam\u011b\u0159en\u00fd p\u0159edev\u0161\u00edm na n\u00e1v\u0161t\u011bvy za\u0159\u00edzen\u00ed soci\u00e1ln\u00edch a zdravotnick\u00fdch slu\u017eeb.<\/p>\n<p>Na n\u00e1v\u0161t\u011bvu prezidenta Milo\u0161e Zemana se pe\u010dliv\u011b p\u0159ipravuj\u00ed ve vimpersk\u00e9m hotelu Zlat\u00e1 hv\u011bzda. Jeho spolumajitelka Jolana Kutilov\u00e1 n\u00e1m prozradila, \u017ee si prezidentsk\u00e1 kancel\u00e1\u0159 nep\u0159eje \u017e\u00e1dn\u00e9 gastronomick\u00e9 v\u00fdst\u0159ednosti. <em>&#8220;Prezident se zdr\u017e\u00ed v hotelu pouze kr\u00e1tce, a tak poho\u0161t\u011bn\u00ed bude velmi jednoduch\u00e9 &#8211; ovoce, voda, mal\u00e1 sva\u010dinka,&#8221;<\/em> sd\u011blila Jolana Kutilov\u00e1.<\/p>\n<p>Vimpersk\u00e1 radnice upozor\u0148uje ve\u0159ejnost, \u017ee v souvislosti s n\u00e1v\u0161t\u011bvou prezidenta m\u016f\u017ee v \u00fater\u00fd 13. \u010dervna odpoledne doj\u00edt ve m\u011bst\u011b podle po\u017eadavk\u016f Policie \u010cR k \u010d\u00e1ste\u010dn\u00e9mu kr\u00e1tkodob\u00e9mu omezen\u00ed pr\u016fjezdnosti n\u011bkter\u00fdch ulic.<\/p>\n<p><strong>(red)\u00a0<\/strong><\/p>\n<h4><a href=\"http:\/\/zakrasnejsivimperk.cz\/?p=100295\" target=\"_blank\" rel=\"noopener noreferrer\">P\u0159iv\u00edt\u00e1n\u00ed prezidenta Milo\u0161e Zemana a jeho choti Ivany v s\u00eddle kraje jiho\u010deskou hejtmankou Ivanou Str\u00e1skou<\/a><\/h4>\n<p>&nbsp;<\/p>\n<p><img loading=\"lazy\" decoding=\"async\" class=\"aligncenter wp-image-99698 size-full\" src=\"http:\/\/zakrasnejsivimperk.cz\/wp-content\/uploads\/2017\/06\/06\/plakat-prezident.png\" alt=\"\" width=\"654\" height=\"960\" srcset=\"https:\/\/zakrasnejsivimperk.cz\/wp-content\/uploads\/2017\/06\/06\/plakat-prezident.png 654w, https:\/\/zakrasnejsivimperk.cz\/wp-content\/uploads\/2017\/06\/06\/plakat-prezident-204x300.png 204w, https:\/\/zakrasnejsivimperk.cz\/wp-content\/uploads\/2017\/06\/06\/plakat-prezident-243x357.png 243w, https:\/\/zakrasnejsivimperk.cz\/wp-content\/uploads\/2017\/06\/06\/plakat-prezident-329x483.png 329w\" sizes=\"(max-width: 654px) 100vw, 654px\" \/><\/p>\n<p>&nbsp;<\/p>\n<p>&nbsp;<\/p>\n<p>&nbsp;<\/p>\n","protected":false},"excerpt":{"rendered":"<p>&nbsp; V <\/p>\n","protected":false},"author":2,"featured_media":100341,"comment_status":"open","ping_status":"open","sticky":false,"template":"","format":"gallery","meta":{"footnotes":""},"categories":[4],"tags":[],"jetpack_featured_media_url":"https:\/\/zakrasnejsivimperk.cz\/wp-content\/uploads\/2017\/06\/11\/prezident-milo\u0161-zeman.jpg","_links":{"self":[{"href":"https:\/\/zakrasnejsivimperk.cz\/index.php?rest_route=\/wp\/v2\/posts\/100176"}],"collection":[{"href":"https:\/\/zakrasnejsivimperk.cz\/index.php?rest_route=\/wp\/v2\/posts"}],"about":[{"href":"https:\/\/zakrasnejsivimperk.cz\/index.php?rest_route=\/wp\/v2\/types\/post"}],"author":[{"embeddable":true,"href":"https:\/\/zakrasnejsivimperk.cz\/index.php?rest_route=\/wp\/v2\/users\/2"}],"replies":[{"embeddable":true,"href":"https:\/\/zakrasnejsivimperk.cz\/index.php?rest_route=%2Fwp%2Fv2%2Fcomments&post=100176"}],"version-history":[{"count":8,"href":"https:\/\/zakrasnejsivimperk.cz\/index.php?rest_route=\/wp\/v2\/posts\/100176\/revisions"}],"predecessor-version":[{"id":100300,"href":"https:\/\/zakrasnejsivimperk.cz\/index.php?rest_route=\/wp\/v2\/posts\/100176\/revisions\/100300"}],"wp:featuredmedia":[{"embeddable":true,"href":"https:\/\/zakrasnejsivimperk.cz\/index.php?rest_route=\/wp\/v2\/media\/100341"}],"wp:attachment":[{"href":"https:\/\/zakrasnejsivimperk.cz\/index.php?rest_route=%2Fwp%2Fv2%2Fmedia&parent=100176"}],"wp:term":[{"taxonomy":"category","embeddable":true,"href":"https:\/\/zakrasnejsivimperk.cz\/index.php?rest_route=%2Fwp%2Fv2%2Fcategories&post=100176"},{"taxonomy":"post_tag","embeddable":true,"href":"https:\/\/zakrasnejsivimperk.cz\/index.php?rest_route=%2Fwp%2Fv2%2Ftags&post=100176"}],"curies":[{"name":"wp","href":"https:\/\/api.w.org\/{rel}","templated":true}]}}