{"id":100124,"date":"2017-06-10T11:56:41","date_gmt":"2017-06-10T10:56:41","guid":{"rendered":"http:\/\/zakrasnejsivimperk.cz\/?p=100124"},"modified":"2017-06-10T12:29:06","modified_gmt":"2017-06-10T11:29:06","slug":"prachaticky-denik-vimpersky-rodak-ridic-milan-vacha-vice-nez-milionar-za-volantem-autobusu","status":"publish","type":"post","link":"https:\/\/zakrasnejsivimperk.cz\/?p=100124","title":{"rendered":"PRACHATICK\u00dd DEN\u00cdK: Milan V\u00e1cha je vimpersk\u00fd \u0159idi\u010d autobusu. Najezdil bez nehody 1 500 000 kilometr\u016f"},"content":{"rendered":"<p><img loading=\"lazy\" decoding=\"async\" class=\"aligncenter wp-image-100125 size-full\" src=\"http:\/\/zakrasnejsivimperk.cz\/wp-content\/uploads\/2017\/06\/10\/milan-v\u00e1cha.jpg\" alt=\"\" width=\"800\" height=\"461\" srcset=\"https:\/\/zakrasnejsivimperk.cz\/wp-content\/uploads\/2017\/06\/10\/milan-v\u00e1cha.jpg 800w, https:\/\/zakrasnejsivimperk.cz\/wp-content\/uploads\/2017\/06\/10\/milan-v\u00e1cha-300x173.jpg 300w, https:\/\/zakrasnejsivimperk.cz\/wp-content\/uploads\/2017\/06\/10\/milan-v\u00e1cha-768x443.jpg 768w, https:\/\/zakrasnejsivimperk.cz\/wp-content\/uploads\/2017\/06\/10\/milan-v\u00e1cha-620x357.jpg 620w\" sizes=\"(max-width: 800px) 100vw, 800px\" \/><\/p>\n<p>&nbsp;<\/p>\n<h6 class=\"perex\"><img loading=\"lazy\" decoding=\"async\" class=\"size-full wp-image-56019 alignright\" src=\"http:\/\/zakrasnejsivimperk.cz\/wp-content\/uploads\/2016\/04\/14\/denik-1.jpg\" alt=\"\" width=\"235\" height=\"82\" \/>Vimperk &#8211; Milan V\u00e1cha, vimpersk\u00fd \u0159idi\u010d autobusu, jezd\u00ed nejen na \u010desk\u00fdch silnic\u00edch od\u00a0ml\u00e1d\u00ed.\u00a0P\u0159ed p\u00e1r dny mu jeho autobusov\u00fd tachometr nam\u011b\u0159il milion a p\u016fl kilometr\u016f bez nehody.<span id=\"copylink\"><br \/>\n<\/span><\/h6>\n<h4><a href=\"http:\/\/prachaticky.denik.cz\/zpravy_region\/sofer-milan-vacha-se-pro-volant-uz-narodil-20170610.html\" target=\"_blank\" rel=\"noopener noreferrer\">CEL\u00dd \u010cL\u00c1NEK A FOTOGALERIE<\/a><\/h4>\n<p>&nbsp;<\/p>\n<p>&nbsp;<\/p>\n<p>&nbsp;<\/p>\n<p>&nbsp;<\/p>\n","protected":false},"excerpt":{"rendered":"<p>&nbsp; Vimperk <\/p>\n","protected":false},"author":2,"featured_media":100136,"comment_status":"open","ping_status":"open","sticky":false,"template":"","format":"gallery","meta":{"footnotes":""},"categories":[4],"tags":[],"jetpack_featured_media_url":"https:\/\/zakrasnejsivimperk.cz\/wp-content\/uploads\/2017\/06\/10\/titul-vacha.jpg","_links":{"self":[{"href":"https:\/\/zakrasnejsivimperk.cz\/index.php?rest_route=\/wp\/v2\/posts\/100124"}],"collection":[{"href":"https:\/\/zakrasnejsivimperk.cz\/index.php?rest_route=\/wp\/v2\/posts"}],"about":[{"href":"https:\/\/zakrasnejsivimperk.cz\/index.php?rest_route=\/wp\/v2\/types\/post"}],"author":[{"embeddable":true,"href":"https:\/\/zakrasnejsivimperk.cz\/index.php?rest_route=\/wp\/v2\/users\/2"}],"replies":[{"embeddable":true,"href":"https:\/\/zakrasnejsivimperk.cz\/index.php?rest_route=%2Fwp%2Fv2%2Fcomments&post=100124"}],"version-history":[{"count":10,"href":"https:\/\/zakrasnejsivimperk.cz\/index.php?rest_route=\/wp\/v2\/posts\/100124\/revisions"}],"predecessor-version":[{"id":100138,"href":"https:\/\/zakrasnejsivimperk.cz\/index.php?rest_route=\/wp\/v2\/posts\/100124\/revisions\/100138"}],"wp:featuredmedia":[{"embeddable":true,"href":"https:\/\/zakrasnejsivimperk.cz\/index.php?rest_route=\/wp\/v2\/media\/100136"}],"wp:attachment":[{"href":"https:\/\/zakrasnejsivimperk.cz\/index.php?rest_route=%2Fwp%2Fv2%2Fmedia&parent=100124"}],"wp:term":[{"taxonomy":"category","embeddable":true,"href":"https:\/\/zakrasnejsivimperk.cz\/index.php?rest_route=%2Fwp%2Fv2%2Fcategories&post=100124"},{"taxonomy":"post_tag","embeddable":true,"href":"https:\/\/zakrasnejsivimperk.cz\/index.php?rest_route=%2Fwp%2Fv2%2Ftags&post=100124"}],"curies":[{"name":"wp","href":"https:\/\/api.w.org\/{rel}","templated":true}]}}